{"id":2185,"date":"2023-09-26T17:22:23","date_gmt":"2023-09-26T17:22:23","guid":{"rendered":"https:\/\/arpok.pl.jawlinr.smarthost.pl\/?p=2185"},"modified":"2025-04-23T09:28:34","modified_gmt":"2025-04-23T09:28:34","slug":"jak-dbac-o-psa-latem","status":"publish","type":"post","link":"https:\/\/milo.pet\/Blog\/jak-dbac-o-psa-latem\/","title":{"rendered":"Jak dba\u0107 o psa latem?"},"content":{"rendered":"\n<p>Lato to pora roku, kt\u00f3ra przynosi ze sob\u0105 nie tylko d\u0142ugo wyczekiwane ciep\u0142e dni i s\u0142oneczne chwile, ale tak\u017ce szereg wyzwa\u0144 dla w\u0142a\u015bcicieli czworonog\u00f3w. Wysokie temperatury, intensywne promienie s\u0142oneczne czy cho\u0107by skrajne zmiany pogody mog\u0105 stanowi\u0107 powa\u017cne zagro\u017cenie dla zdrowia i samopoczucia naszych pupili. Podobnie jak ludzie, psy tak\u017ce s\u0105 nara\u017cone na udary cieplne, oparzenia s\u0142oneczne czy odwodnienie. Dlatego niezwykle wa\u017cne jest, by w okresie letnim dostosowa\u0107 opiek\u0119 nad swoim zwierz\u0119ciem do panuj\u0105cych warunk\u00f3w atmosferycznych. W niniejszym artykule podpowiemy, na co szczeg\u00f3lnie zwr\u00f3ci\u0107 uwag\u0119 i jak zapewni\u0107 swojemu psiakowi bezpiecze\u0144stwo oraz komfort w trakcie letnich miesi\u0119cy.<\/p>\n\n\n\n<div style=\"height:35px\" aria-hidden=\"true\" class=\"wp-block-spacer\"><\/div>\n\n\n\n<h2 class=\"wp-block-heading\"><strong>Ochrona przed upa\u0142em<\/strong><\/h2>\n\n\n\n<div style=\"height:35px\" aria-hidden=\"true\" class=\"wp-block-spacer\"><\/div>\n\n\n\n<figure class=\"wp-block-image size-large\"><img fetchpriority=\"high\" decoding=\"async\" width=\"1024\" height=\"683\" src=\"http:\/\/milo.pet\/Blog\/wp-content\/uploads\/2023\/09\/Untitled-design-2023-09-26T193739.392-1-1024x683.jpg\" alt=\"Ma\u0142y pies na smyczy siedz\u0105cy na chodniku w upalny dzie\u0144, przyk\u0142ad potrzeby ochrony psa przed przegrzaniem.\" class=\"wp-image-2199\" srcset=\"https:\/\/milo.pet\/Blog\/wp-content\/uploads\/2023\/09\/Untitled-design-2023-09-26T193739.392-1-1024x683.jpg 1024w, https:\/\/milo.pet\/Blog\/wp-content\/uploads\/2023\/09\/Untitled-design-2023-09-26T193739.392-1-300x200.jpg 300w, https:\/\/milo.pet\/Blog\/wp-content\/uploads\/2023\/09\/Untitled-design-2023-09-26T193739.392-1-768x512.jpg 768w, https:\/\/milo.pet\/Blog\/wp-content\/uploads\/2023\/09\/Untitled-design-2023-09-26T193739.392-1.jpg 1200w\" sizes=\"(max-width: 1024px) 100vw, 1024px\" \/><\/figure>\n\n\n\n<div style=\"height:35px\" aria-hidden=\"true\" class=\"wp-block-spacer\"><\/div>\n\n\n\n<p>Podczas gdy ciep\u0142e, letnie dni s\u0105 dla wielu ludzi okresem rado\u015bci i relaksu, dla naszych czworonog\u00f3w mog\u0105 stanowi\u0107 prawdziwe wyzwanie. Oto kilka kluczowych wskaz\u00f3wek, kt\u00f3re pomog\u0105 chroni\u0107 twojego psa przed skutkami upa\u0142u:<\/p>\n\n\n\n<div style=\"height:35px\" aria-hidden=\"true\" class=\"wp-block-spacer\"><\/div>\n\n\n\n<ol class=\"wp-block-list\">\n<li><strong>Ogranicz wychodzenie na dw\u00f3r w najgor\u0119tszych godzinach<\/strong>: Najlepiej unika\u0107 spacer\u00f3w z psem w godzinach, kiedy s\u0142o\u0144ce \u015bwieci najintensywniej, zazwyczaj mi\u0119dzy 10:00 a 16:00. Je\u015bli to mo\u017cliwe, planuj spacery wcze\u015bnie rano lub p\u00f3\u017anym wieczorem.<\/li>\n\n\n\n<li><strong>Dost\u0119p do \u015bwie\u017cej wody<\/strong>: Upewnij si\u0119, \u017ce tw\u00f3j pies ma zawsze dost\u0119p do \u015bwie\u017cej i czystej wody, zar\u00f3wno w domu, jak i podczas spacer\u00f3w. Noszenie ze sob\u0105 butelki wody i miski podr\u00f3\u017cnej to dobry pomys\u0142, gdy wychodzisz z psem na d\u0142u\u017cej.<\/li>\n\n\n\n<li><strong>Ch\u0142odne miejsce do odpoczynku<\/strong>: Zapewnij swojemu psu ch\u0142odne i cieniste miejsce, w kt\u00f3rym b\u0119dzie m\u00f3g\u0142 si\u0119 schowa\u0107 przed s\u0142o\u0144cem. Mo\u017cesz tak\u017ce rozwa\u017cy\u0107 zakup specjalnej maty ch\u0142odz\u0105cej dla psa.<\/li>\n\n\n\n<li><strong>Uwa\u017caj na gor\u0105cy asfalt<\/strong>: Asfalt mo\u017ce szybko nagrzewa\u0107 si\u0119 w s\u0142o\u0144cu do bardzo wysokich temperatur, kt\u00f3re mog\u0105 oparzy\u0107 \u0142apy psa. Zawsze sprawdzaj asfalt d\u0142oni\u0105 przed wyprowadzeniem psa na spacer.<\/li>\n\n\n\n<li><strong>Och\u0142adzanie<\/strong>: Je\u015bli zauwa\u017cysz, \u017ce tw\u00f3j pies jest zbyt gor\u0105cy, mo\u017cesz delikatnie przemy\u0107 go ch\u0142odn\u0105 (nie zimn\u0105!) wod\u0105, szczeg\u00f3lnie w okolicach \u0142ap, brzucha i g\u0142owy. Baseniki dla ps\u00f3w s\u0105 r\u00f3wnie\u017c \u015bwietnym rozwi\u0105zaniem, aby pozwoli\u0107 im si\u0119 sch\u0142odzi\u0107.<\/li>\n\n\n\n<li><strong>Oznaki przegrzewania<\/strong>: Uwa\u017caj na objawy przegrzewania, takie jak intensywne dyszenie, \u015blinienie si\u0119, os\u0142abienie czy dezorientacja. Je\u015bli zauwa\u017cysz kt\u00f3rykolwiek z tych objaw\u00f3w, natychmiast zapewnij psu ch\u0142odzenie i skonsultuj si\u0119 z weterynarzem.<\/li>\n\n\n\n<li><strong>Ostro\u017cno\u015b\u0107 z samochodem<\/strong>: Nigdy nie zostawiaj psa w samochodzie, nawet na kr\u00f3tki czas. Temperatura wewn\u0105trz mo\u017ce szybko wzrosn\u0105\u0107 do niebezpiecznych poziom\u00f3w, nawet je\u015bli na zewn\u0105trz jest umiarkowanie ciep\u0142o.<\/li>\n<\/ol>\n\n\n\n<div class=\"wp-block-group is-layout-constrained wp-block-group-is-layout-constrained\"><div class=\"wp-block-group__inner-container\">\n<p class=\"has-black-color has-text-color has-background has-link-color wp-elements-50c3477c4ff422170b17697ea4e23c5b\" style=\"background-color:#d1d1d1;font-size:17px\"><a href=\"https:\/\/milo.pet\/Blog\/2023\/09\/20\/jak-zapewnic-psu-poczucie-bezpieczenstwa\/\" target=\"_blank\" rel=\"noreferrer noopener\"><strong>Zobacz:<\/strong> Jak zapewni\u0107 psu poczucie bezpiecze\u0144stwa?<\/a><\/p>\n<\/div><\/div>\n\n\n\n<div style=\"height:35px\" aria-hidden=\"true\" class=\"wp-block-spacer\"><\/div>\n\n\n\n<h2 class=\"wp-block-heading\"><strong>Ochrona sk\u00f3ry i sier\u015bci<\/strong><\/h2>\n\n\n\n<div style=\"height:35px\" aria-hidden=\"true\" class=\"wp-block-spacer\"><\/div>\n\n\n\n<figure class=\"wp-block-image size-large\"><img decoding=\"async\" width=\"1024\" height=\"683\" src=\"http:\/\/milo.pet\/Blog\/wp-content\/uploads\/2023\/09\/Untitled-design-2023-09-26T193848.594-1-1024x683.jpg\" alt=\"Pies podczas k\u0105pieli w letni dzie\u0144, symbolizuj\u0105cy dbanie o higien\u0119 i och\u0142odzenie psa w upalne dni.\" class=\"wp-image-2200\" srcset=\"https:\/\/milo.pet\/Blog\/wp-content\/uploads\/2023\/09\/Untitled-design-2023-09-26T193848.594-1-1024x683.jpg 1024w, https:\/\/milo.pet\/Blog\/wp-content\/uploads\/2023\/09\/Untitled-design-2023-09-26T193848.594-1-300x200.jpg 300w, https:\/\/milo.pet\/Blog\/wp-content\/uploads\/2023\/09\/Untitled-design-2023-09-26T193848.594-1-768x512.jpg 768w, https:\/\/milo.pet\/Blog\/wp-content\/uploads\/2023\/09\/Untitled-design-2023-09-26T193848.594-1.jpg 1200w\" sizes=\"(max-width: 1024px) 100vw, 1024px\" \/><\/figure>\n\n\n\n<div style=\"height:35px\" aria-hidden=\"true\" class=\"wp-block-spacer\"><\/div>\n\n\n\n<p>Tak jak ludzka sk\u00f3ra, r\u00f3wnie\u017c sk\u00f3ra i sier\u015b\u0107 ps\u00f3w wymaga specjalnej troski w miesi\u0105cach letnich. Sier\u015b\u0107 pe\u0142ni funkcj\u0119 ochronn\u0105 przed szkodliwym dzia\u0142aniem promieniowania UV, ale sama te\u017c mo\u017ce by\u0107 nara\u017cona na r\u00f3\u017cnego rodzaju uszkodzenia. Poni\u017cej przedstawiamy kluczowe wskaz\u00f3wki dotycz\u0105ce ochrony sk\u00f3ry i sier\u015bci naszego pupila podczas letnich dni.<\/p>\n\n\n\n<div style=\"height:35px\" aria-hidden=\"true\" class=\"wp-block-spacer\"><\/div>\n\n\n\n<ol class=\"wp-block-list\">\n<li><strong>Szczotkowanie i czesanie<\/strong>: Regularne czesanie psa pomaga usun\u0105\u0107 martwe w\u0142osy, zapobiega powstawaniu ko\u0142tun\u00f3w i u\u0142atwia sk\u00f3rze oddychanie. Ponadto poprawia kr\u0105\u017cenie, co sprzyja zdrowiu sk\u00f3ry.<\/li>\n\n\n\n<li><strong>Ochrona przed promieniowaniem UV<\/strong>: Chocia\u017c sier\u015b\u0107 psa chroni go przed promieniami s\u0142onecznymi, pewne rasy lub psy o jasnej i kr\u00f3tkiej sier\u015bci mog\u0105 by\u0107 bardziej nara\u017cone na oparzenia s\u0142oneczne. W takim przypadku warto rozwa\u017cy\u0107 stosowanie specjalnych krem\u00f3w z filtrem UV dla ps\u00f3w.<\/li>\n\n\n\n<li><strong>K\u0105piele<\/strong>: Regularne k\u0105piele w letnich miesi\u0105cach pomog\u0105 usun\u0105\u0107 z sier\u015bci s\u00f3l, piasek czy inne zanieczyszczenia. U\u017cywaj delikatnych szampon\u00f3w przeznaczonych dla ps\u00f3w, kt\u00f3re nie wysusz\u0105 sk\u00f3ry.<\/li>\n\n\n\n<li><strong>Ochrona przed paso\u017cytami<\/strong>: Latem wzrasta ryzyko infekcji paso\u017cytami zewn\u0119trznymi, takimi jak pch\u0142y, kleszcze czy komary. Regularne stosowanie \u015brodk\u00f3w przeciwpaso\u017cytniczych pomo\u017ce chroni\u0107 sk\u00f3r\u0119 i sier\u015b\u0107 psa przed ich dzia\u0142aniem.<\/li>\n\n\n\n<li><strong>Higiena \u0142ap<\/strong>: Lato to czas, kiedy psy cz\u0119sto bawi\u0105 si\u0119 na pla\u017cy lub w innych miejscach, gdzie mog\u0105 si\u0119 brudzi\u0107. Regularne mycie \u0142ap i sprawdzanie poduszek na obecno\u015b\u0107 drobnych ran czy podra\u017cnie\u0144 to wa\u017cny krok w dba\u0142o\u015bci o sk\u00f3r\u0119 psa.<\/li>\n\n\n\n<li><strong>Od\u017cywianie<\/strong>: Zdrowa sk\u00f3ra i lustrzana sier\u015b\u0107 to tak\u017ce efekt odpowiedniego od\u017cywiania. Warto upewni\u0107 si\u0119, \u017ce dieta naszego psa jest bogata w niezb\u0119dne sk\u0142adniki od\u017cywcze, takie jak kwasy omega-3, kt\u00f3re sprzyjaj\u0105 zdrowiu sk\u00f3ry.<\/li>\n<\/ol>\n\n\n\n<div style=\"height:35px\" aria-hidden=\"true\" class=\"wp-block-spacer\"><\/div>\n\n\n\n<h2 class=\"wp-block-heading\"><strong>Ochrona przed insektami<\/strong><\/h2>\n\n\n\n<div style=\"height:35px\" aria-hidden=\"true\" class=\"wp-block-spacer\"><\/div>\n\n\n\n<p>Letnie miesi\u0105ce przynosz\u0105 ze sob\u0105 nie tylko s\u0142o\u0144ce i ciep\u0142o, ale tak\u017ce wzmo\u017con\u0105 aktywno\u015b\u0107 r\u00f3\u017cnych insekt\u00f3w, kt\u00f3re mog\u0105 by\u0107 uci\u0105\u017cliwe dla naszych czworonog\u00f3w. Komary, muchy, osy, b\u0105ki czy nawet mr\u00f3wki mog\u0105 stanowi\u0107 problem dla ps\u00f3w, szczeg\u00f3lnie tych, kt\u00f3re sp\u0119dzaj\u0105 du\u017co czasu na zewn\u0105trz. Oto kilka wskaz\u00f3wek, kt\u00f3re pomog\u0105 chroni\u0107 twojego pupila przed owadami w miesi\u0105cach letnich:<\/p>\n\n\n\n<div style=\"height:35px\" aria-hidden=\"true\" class=\"wp-block-spacer\"><\/div>\n\n\n\n<ol class=\"wp-block-list\">\n<li><strong>\u015arodki przeciwpaso\u017cytnicze<\/strong>: Regularne stosowanie preparat\u00f3w przeciwpchelnych i przeciwkleszczowych jest kluczem do ochrony twojego psa przed tymi uci\u0105\u017cliwymi paso\u017cytami. Istnieje wiele dost\u0119pnych na rynku produkt\u00f3w, zar\u00f3wno w formie kropli, jak i obro\u017cy czy tabletek. Konsultacja z weterynarzem pomo\u017ce dobra\u0107 odpowiedni \u015brodek dla twojego pupila.<\/li>\n\n\n\n<li><strong>Ochronne ubranka<\/strong>: Na rynku dost\u0119pne s\u0105 specjalne ubranka dla ps\u00f3w, kt\u00f3re chroni\u0105 przed uk\u0105szeniami owad\u00f3w. S\u0105 one lekkie i przewiewne, dzi\u0119ki czemu nie powoduj\u0105 przegrzewania si\u0119 zwierz\u0119cia.<\/li>\n\n\n\n<li><strong>Siatki i moskitiery<\/strong>: Je\u017celi masz w domu miejsce, w kt\u00f3rym pies lubi odpoczywa\u0107, np. balkon czy werand\u0119, rozwa\u017c zamontowanie siatek przeciw owadom.<\/li>\n\n\n\n<li><strong>Spraye i balsamy<\/strong>: Istniej\u0105 specjalne preparaty w sprayu lub balsamy dla ps\u00f3w, kt\u00f3re odstraszaj\u0105 owady. Pami\u0119taj jednak, aby zawsze u\u017cywa\u0107 produkt\u00f3w przeznaczonych dla zwierz\u0105t \u2013 niekt\u00f3re ludzkie repelenty mog\u0105 by\u0107 dla nich szkodliwe.<\/li>\n\n\n\n<li><strong>Unikaj miejsc l\u0119gowych<\/strong>: Je\u017celi spacerujesz z psem w okolicach staw\u00f3w, bagnisk czy innych miejsc, gdzie owady rozmna\u017caj\u0105 si\u0119 masowo, warto mie\u0107 to na uwadze i ewentualnie zmieni\u0107 tras\u0119 spacer\u00f3w.<\/li>\n\n\n\n<li><strong>Regularne sprawdzanie sk\u00f3ry<\/strong>: Po powrocie z d\u0142u\u017cszego spaceru czy zabawy na zewn\u0105trz warto dok\u0142adnie obejrze\u0107 sk\u00f3r\u0119 i sier\u015b\u0107 psa, w poszukiwaniu owad\u00f3w, kt\u00f3re mog\u0142yby si\u0119 przyczepi\u0107, np. kleszczy.<\/li>\n\n\n\n<li><strong>Pierwsza pomoc<\/strong>: Upewnij si\u0119, \u017ce wiesz, jak post\u0119powa\u0107 w przypadku uk\u0105szenia przez os\u0119, pszczo\u0142\u0119 czy innego owada. W razie w\u0105tpliwo\u015bci czy silnej reakcji alergicznej niezw\u0142ocznie udaj si\u0119 z psem do weterynarza.<\/li>\n<\/ol>\n\n\n\n<div style=\"height:35px\" aria-hidden=\"true\" class=\"wp-block-spacer\"><\/div>\n\n\n\n<h3 class=\"wp-block-heading\"><strong>Pami\u0119taj!<\/strong><\/h3>\n\n\n\n<div style=\"height:35px\" aria-hidden=\"true\" class=\"wp-block-spacer\"><\/div>\n\n\n\n<p><strong>Odpowiednia ochrona przed owadami nie tylko zwi\u0119ksza komfort \u017cycia twojego psa, ale tak\u017ce chroni go przed r\u00f3\u017cnego rodzaju chorobami przenoszonymi przez owady, takimi jak borelioza czy babeszjoza. Wa\u017cne jest wi\u0119c, aby by\u0107 przygotowanym i dba\u0107 o bezpiecze\u0144stwo swojego czworono\u017cnego przyjaciela.<\/strong><\/p>\n\n\n\n<div style=\"height:35px\" aria-hidden=\"true\" class=\"wp-block-spacer\"><\/div>\n\n\n\n<h2 class=\"wp-block-heading\"><strong>Bezpiecze\u0144stwo podczas zabawy<\/strong><\/h2>\n\n\n\n<div style=\"height:35px\" aria-hidden=\"true\" class=\"wp-block-spacer\"><\/div>\n\n\n\n<figure class=\"wp-block-image size-large\"><img decoding=\"async\" width=\"1024\" height=\"683\" src=\"http:\/\/milo.pet\/Blog\/wp-content\/uploads\/2023\/09\/Untitled-design-2023-09-26T194128.085-1-1024x683.jpg\" alt=\"Pies bawi\u0105cy si\u0119 w wodzie z patykiem, symbolizuj\u0105cy bezpiecze\u0144stwo i rado\u015b\u0107 podczas letniej zabawy na \u015bwie\u017cym powietrzu\" class=\"wp-image-2202\" srcset=\"https:\/\/milo.pet\/Blog\/wp-content\/uploads\/2023\/09\/Untitled-design-2023-09-26T194128.085-1-1024x683.jpg 1024w, https:\/\/milo.pet\/Blog\/wp-content\/uploads\/2023\/09\/Untitled-design-2023-09-26T194128.085-1-300x200.jpg 300w, https:\/\/milo.pet\/Blog\/wp-content\/uploads\/2023\/09\/Untitled-design-2023-09-26T194128.085-1-768x512.jpg 768w, https:\/\/milo.pet\/Blog\/wp-content\/uploads\/2023\/09\/Untitled-design-2023-09-26T194128.085-1.jpg 1200w\" sizes=\"(max-width: 1024px) 100vw, 1024px\" \/><\/figure>\n\n\n\n<div style=\"height:35px\" aria-hidden=\"true\" class=\"wp-block-spacer\"><\/div>\n\n\n\n<p>Zabawa to nieod\u0142\u0105czny element \u017cycia ka\u017cdego psa, niezale\u017cnie od jego wieku. W miesi\u0105cach letnich, kiedy sp\u0119dzamy wi\u0119cej czasu na \u015bwie\u017cym powietrzu, mo\u017cemy po\u015bwi\u0119ci\u0107 jeszcze wi\u0119cej uwagi aktywno\u015bciom z naszym pupilem. Niemniej jednak warto pami\u0119ta\u0107 o pewnych zasadach bezpiecze\u0144stwa, kt\u00f3re zapewni\u0105 naszemu czworonogowi rado\u015b\u0107 i komfort podczas zabawy na zewn\u0105trz.<\/p>\n\n\n\n<div style=\"height:35px\" aria-hidden=\"true\" class=\"wp-block-spacer\"><\/div>\n\n\n\n<ol class=\"wp-block-list\">\n<li><strong>Dostosuj intensywno\u015b\u0107 zabawy<\/strong>: W upalne dni unikaj zbyt intensywnych zabaw, takich jak aportowanie, kt\u00f3re mog\u0105 prowadzi\u0107 do przegrzewania si\u0119 psa. Wybieraj ch\u0142odniejsze momenty dnia na bardziej wymagaj\u0105ce aktywno\u015bci.<\/li>\n\n\n\n<li><strong>Bezpieczne zabawki<\/strong>: Upewnij si\u0119, \u017ce wszystkie zabawki, kt\u00f3rymi bawisz si\u0119 z psem, s\u0105 odpowiednie dla jego wielko\u015bci i nie stanowi\u0105 ryzyka po\u0142kni\u0119cia czy ud\u0142awienia.<\/li>\n\n\n\n<li><strong>Nadz\u00f3r nad psem w wodzie<\/strong>: Je\u015bli Twojemu psu podoba si\u0119 zabawa w wodzie, zawsze pilnuj go podczas k\u0105pieli w stawie, jeziorze czy morzu. Nie wszystkie psy s\u0105 dobrymi p\u0142ywakami, a silne pr\u0105dy czy nieoczekiwane przeszkody pod wod\u0105 mog\u0105 stanowi\u0107 dla nich zagro\u017cenie.<\/li>\n\n\n\n<li><strong>Ochrona przed innymi psami<\/strong>: Je\u017celi bawisz si\u0119 z psem w miejscach publicznych, takich jak place zabaw dla ps\u00f3w, zawsze obserwuj jego interakcje z innymi zwierz\u0119tami. Interwencja w odpowiednim momencie mo\u017ce zapobiec konfliktom czy urazom.<\/li>\n\n\n\n<li><strong>Uwa\u017caj na truj\u0105ce ro\u015bliny i substancje<\/strong>: Podczas zabawy na \u0142\u0105ce lub w lesie pies mo\u017ce zetkn\u0105\u0107 si\u0119 z ro\u015blinami czy substancjami, kt\u00f3re s\u0105 dla niego truj\u0105ce. Warto zna\u0107 najbardziej powszechne z nich i pilnowa\u0107, aby pies ich nie zjada\u0142.<\/li>\n\n\n\n<li><strong>Dbaj o nawodnienie<\/strong>: Podczas d\u0142u\u017cszej zabawy na zewn\u0105trz, zw\u0142aszcza w cieplejsze dni, zadbaj, by Tw\u00f3j pies mia\u0142 regularny dost\u0119p do \u015bwie\u017cej wody.<\/li>\n\n\n\n<li><strong>Regularne przerwy<\/strong>: Nawet je\u015bli Tw\u00f3j pies wydaje si\u0119 nie mie\u0107 ko\u0144ca energii, zadbaj o regularne przerwy w zabawie. Kr\u00f3tka chwila wytchnienia w cieniu mo\u017ce pom\u00f3c unikn\u0105\u0107 przegrzewania si\u0119 zwierz\u0119cia.<\/li>\n<\/ol>\n\n\n\n<div class=\"wp-block-group is-layout-constrained wp-block-group-is-layout-constrained\"><div class=\"wp-block-group__inner-container\">\n<p class=\"has-black-color has-text-color has-background has-link-color wp-elements-5f07a2c2ffab701447c3b93f515b1fe5\" style=\"background-color:#d1d1d1;font-size:17px\"><a href=\"https:\/\/milo.pet\/Blog\/2023\/09\/16\/jak-nauczyc-psa-plywac\/\" target=\"_blank\" rel=\"noreferrer noopener\"><strong>Zobacz:<\/strong> Jak nauczy\u0107 psa p\u0142ywa\u0107?<\/a><\/p>\n<\/div><\/div>\n\n\n\n<div style=\"height:35px\" aria-hidden=\"true\" class=\"wp-block-spacer\"><\/div>\n\n\n\n<h2 class=\"wp-block-heading\"><strong>Zdrowa dieta<\/strong><\/h2>\n\n\n\n<div style=\"height:35px\" aria-hidden=\"true\" class=\"wp-block-spacer\"><\/div>\n\n\n\n<p>Od\u017cywianie odgrywa kluczow\u0105 rol\u0119 w \u017cyciu ka\u017cdego psa, wp\u0142ywaj\u0105c na jego zdrowie, kondycj\u0119 i d\u0142ugowieczno\u015b\u0107. Latem, gdy temperatury rosn\u0105 i nasze czworonogi sp\u0119dzaj\u0105 wi\u0119cej czasu na aktywno\u015bci na \u015bwie\u017cym powietrzu, odpowiednio zbilansowana dieta staje si\u0119 jeszcze bardziej istotna. Oto kilka wskaz\u00f3wek, jak dba\u0107 o prawid\u0142owe \u017cywienie psa w ciep\u0142e miesi\u0105ce:<\/p>\n\n\n\n<div style=\"height:35px\" aria-hidden=\"true\" class=\"wp-block-spacer\"><\/div>\n\n\n\n<ol class=\"wp-block-list\">\n<li><strong>Sta\u0142y dost\u0119p do wody<\/strong>: Latem psy szybciej si\u0119 odwadniaj\u0105. Upewnij si\u0119, \u017ce Tw\u00f3j pies zawsze ma dost\u0119p do \u015bwie\u017cej i czystej wody, zw\u0142aszcza po intensywnym wysi\u0142ku.<\/li>\n\n\n\n<li><strong>Lekkostrawne posi\u0142ki<\/strong>: W upalne dni psy mog\u0105 mie\u0107 mniejszy apetyt lub problem z trawieniem ci\u0119\u017ckich pokarm\u00f3w. Warto wtedy podawa\u0107 im l\u017cejsze posi\u0142ki, sk\u0142adaj\u0105ce si\u0119 g\u0142\u00f3wnie z bia\u0142ka i warzyw.<\/li>\n\n\n\n<li><strong>Unikaj karmienia w najgor\u0119tszych porach dnia<\/strong>: Podawanie g\u0142\u00f3wnego posi\u0142ku rano lub wieczorem, kiedy jest ch\u0142odniej, pomo\u017ce unikn\u0105\u0107 problem\u00f3w trawiennych zwi\u0105zanych z upa\u0142em.<\/li>\n\n\n\n<li><strong>Ogranicz ilo\u015b\u0107 t\u0142uszczu<\/strong>: Zbyt du\u017ca ilo\u015b\u0107 t\u0142uszczu w diecie mo\u017ce prowadzi\u0107 do przegrzewania si\u0119 psa. Latem warto zwr\u00f3ci\u0107 uwag\u0119 na sk\u0142ad karmy i ewentualnie dostosowa\u0107 jej ilo\u015b\u0107.<\/li>\n\n\n\n<li><strong>Uwa\u017caj na resztki z grilla<\/strong>: Cho\u0107 pies z pewno\u015bci\u0105 b\u0119dzie chcia\u0142 spr\u00f3bowa\u0107 smako\u0142yk\u00f3w z letniego grilla, wiele z nich (np. t\u0142uste mi\u0119so, kostki, przyprawy) mo\u017ce by\u0107 dla niego szkodliwe.<\/li>\n\n\n\n<li><strong>Naturalne przek\u0105ski<\/strong>: Zamiast tradycyjnych przysmak\u00f3w, rozwa\u017c podawanie psu orze\u017awiaj\u0105cych i zdrowych przek\u0105sek, takich jak plasterki og\u00f3rka, maliny czy kostki lodu z wywarem mi\u0119snym.<\/li>\n\n\n\n<li><strong>Dostosuj ilo\u015b\u0107 pokarmu do aktywno\u015bci<\/strong>: Je\u015bli Tw\u00f3j pies jest latem bardziej aktywny, mo\u017ce potrzebowa\u0107 wi\u0119cej kalorii. Je\u015bli natomiast sp\u0119dza wi\u0119kszo\u015b\u0107 czasu w cieniu, unikaj\u0105c upa\u0142u, by\u0107 mo\u017ce warto ograniczy\u0107 porcje.<\/li>\n<\/ol>\n\n\n\n<div style=\"height:35px\" aria-hidden=\"true\" class=\"wp-block-spacer\"><\/div>\n\n\n\n<figure class=\"wp-block-image size-large\"><img loading=\"lazy\" decoding=\"async\" width=\"1024\" height=\"683\" src=\"http:\/\/milo.pet\/Blog\/wp-content\/uploads\/2023\/09\/Untitled-design-2023-09-26T193108.880-1-1024x683.jpg\" alt=\"Pies w okularach przeciws\u0142onecznych siedz\u0105cy na dmuchanym kole w wodzie, symbol letniego relaksu i ochrony psa przed upa\u0142em\" class=\"wp-image-2192\" srcset=\"https:\/\/milo.pet\/Blog\/wp-content\/uploads\/2023\/09\/Untitled-design-2023-09-26T193108.880-1-1024x683.jpg 1024w, https:\/\/milo.pet\/Blog\/wp-content\/uploads\/2023\/09\/Untitled-design-2023-09-26T193108.880-1-300x200.jpg 300w, https:\/\/milo.pet\/Blog\/wp-content\/uploads\/2023\/09\/Untitled-design-2023-09-26T193108.880-1-768x512.jpg 768w, https:\/\/milo.pet\/Blog\/wp-content\/uploads\/2023\/09\/Untitled-design-2023-09-26T193108.880-1.jpg 1200w\" sizes=\"(max-width: 1024px) 100vw, 1024px\" \/><\/figure>\n\n\n\n<div style=\"height:35px\" aria-hidden=\"true\" class=\"wp-block-spacer\"><\/div>\n\n\n\n<p>Lato to czas rado\u015bci i relaksu, zar\u00f3wno dla nas, jak i dla naszych czworonog\u00f3w. Pami\u0119tajmy jednak, \u017ceby w tym okresie zwraca\u0107 szczeg\u00f3ln\u0105 uwag\u0119 na ich potrzeby i komfort. Dbaj\u0105c o ich zdrowie, bezpiecze\u0144stwo i odpowiednie \u017cywienie, zapewnimy im spokojne i szcz\u0119\u015bliwe miesi\u0105ce letnie. Wsp\u00f3lnie sp\u0119dzony czas b\u0119dzie wtedy czyst\u0105 przyjemno\u015bci\u0105 dla obu stron.\u2764\ufe0f<\/p>\n","protected":false},"excerpt":{"rendered":"<p>Lato to pora roku, kt\u00f3ra przynosi ze sob\u0105 nie tylko d\u0142ugo wyczekiwane ciep\u0142e dni i s\u0142oneczne chwile, ale tak\u017ce szereg wyzwa\u0144 dla w\u0142a\u015bcicieli czworonog\u00f3w. Wysokie temperatury, intensywne promienie s\u0142oneczne czy cho\u0107by skrajne zmiany pogody mog\u0105 stanowi\u0107 powa\u017cne zagro\u017cenie dla zdrowia i samopoczucia naszych pupili. Podobnie jak ludzie, psy tak\u017ce s\u0105 nara\u017cone na udary cieplne, oparzenia &hellip;<\/p>\n<p class=\"read-more\"> <a class=\"\" href=\"https:\/\/milo.pet\/Blog\/jak-dbac-o-psa-latem\/\"> <span class=\"screen-reader-text\">Jak dba\u0107 o psa latem?<\/span> Read More &raquo;<\/a><\/p>\n","protected":false},"author":1,"featured_media":2189,"comment_status":"closed","ping_status":"closed","sticky":false,"template":"","format":"standard","meta":{"_acf_changed":false,"_uag_custom_page_level_css":"","site-sidebar-layout":"default","site-content-layout":"","ast-site-content-layout":"default","site-content-style":"default","site-sidebar-style":"default","ast-global-header-display":"","ast-banner-title-visibility":"","ast-main-header-display":"","ast-hfb-above-header-display":"","ast-hfb-below-header-display":"","ast-hfb-mobile-header-display":"","site-post-title":"","ast-breadcrumbs-content":"","ast-featured-img":"","footer-sml-layout":"","theme-transparent-header-meta":"","adv-header-id-meta":"","stick-header-meta":"","header-above-stick-meta":"","header-main-stick-meta":"","header-below-stick-meta":"","astra-migrate-meta-layouts":"set","ast-page-background-enabled":"default","ast-page-background-meta":{"desktop":{"background-color":"var(--ast-global-color-4)","background-image":"","background-repeat":"repeat","background-position":"center center","background-size":"auto","background-attachment":"scroll","background-type":"","background-media":"","overlay-type":"","overlay-color":"","overlay-gradient":""},"tablet":{"background-color":"","background-image":"","background-repeat":"repeat","background-position":"center center","background-size":"auto","background-attachment":"scroll","background-type":"","background-media":"","overlay-type":"","overlay-color":"","overlay-gradient":""},"mobile":{"background-color":"","background-image":"","background-repeat":"repeat","background-position":"center center","background-size":"auto","background-attachment":"scroll","background-type":"","background-media":"","overlay-type":"","overlay-color":"","overlay-gradient":""}},"ast-content-background-meta":{"desktop":{"background-color":"var(--ast-global-color-5)","background-image":"","background-repeat":"repeat","background-position":"center center","background-size":"auto","background-attachment":"scroll","background-type":"","background-media":"","overlay-type":"","overlay-color":"","overlay-gradient":""},"tablet":{"background-color":"var(--ast-global-color-5)","background-image":"","background-repeat":"repeat","background-position":"center center","background-size":"auto","background-attachment":"scroll","background-type":"","background-media":"","overlay-type":"","overlay-color":"","overlay-gradient":""},"mobile":{"background-color":"var(--ast-global-color-5)","background-image":"","background-repeat":"repeat","background-position":"center center","background-size":"auto","background-attachment":"scroll","background-type":"","background-media":"","overlay-type":"","overlay-color":"","overlay-gradient":""}},"footnotes":""},"categories":[47,40,63,72,53,56,48],"tags":[],"class_list":["post-2185","post","type-post","status-publish","format-standard","has-post-thumbnail","hentry","category-opiekunowie-zwierzat-petsitterzy","category-porady","category-porady-dla-opiekunow-psow","category-porady-dla-wlascicieli-psow","category-psy-dla-opiekunow-psow","category-psy-dla-wlascicieli-psow","category-wlasciciele-zwierzat"],"acf":[],"yoast_head":"<!-- This site is optimized with the Yoast SEO Premium plugin v24.6 (Yoast SEO v24.6) - https:\/\/yoast.com\/wordpress\/plugins\/seo\/ -->\n<title>Jak dba\u0107 o psa latem? - Milo.pet<\/title>\n<meta name=\"description\" content=\"Latem psy s\u0105 nara\u017cone na przegrzanie i odwodnienie. Sprawd\u017a, jak zapewni\u0107 pupilowi bezpiecze\u0144stwo, och\u0142od\u0119 i komfort w upalne dni.\" \/>\n<meta name=\"robots\" content=\"index, follow, max-snippet:-1, max-image-preview:large, max-video-preview:-1\" \/>\n<link rel=\"canonical\" href=\"https:\/\/milo.pet\/Blog\/jak-dbac-o-psa-latem\/\" \/>\n<meta property=\"og:locale\" content=\"pl_PL\" \/>\n<meta property=\"og:type\" content=\"article\" \/>\n<meta property=\"og:title\" content=\"Jak dba\u0107 o psa latem?\" \/>\n<meta property=\"og:description\" content=\"Latem psy s\u0105 nara\u017cone na przegrzanie i odwodnienie. Sprawd\u017a, jak zapewni\u0107 pupilowi bezpiecze\u0144stwo, och\u0142od\u0119 i komfort w upalne dni.\" \/>\n<meta property=\"og:url\" content=\"https:\/\/milo.pet\/Blog\/jak-dbac-o-psa-latem\/\" \/>\n<meta property=\"og:site_name\" content=\"Milo.pet\" \/>\n<meta property=\"article:published_time\" content=\"2023-09-26T17:22:23+00:00\" \/>\n<meta property=\"article:modified_time\" content=\"2025-04-23T09:28:34+00:00\" \/>\n<meta property=\"og:image\" content=\"https:\/\/milo.pet\/Blog\/wp-content\/uploads\/2023\/09\/Untitled-design-2023-09-26T192912.692.jpg\" \/>\n\t<meta property=\"og:image:width\" content=\"2100\" \/>\n\t<meta property=\"og:image:height\" content=\"1360\" \/>\n\t<meta property=\"og:image:type\" content=\"image\/jpeg\" \/>\n<meta name=\"author\" content=\"Patrycja Nowak\" \/>\n<meta name=\"twitter:card\" content=\"summary_large_image\" \/>\n<meta name=\"twitter:label1\" content=\"Written by\" \/>\n\t<meta name=\"twitter:data1\" content=\"Patrycja Nowak\" \/>\n\t<meta name=\"twitter:label2\" content=\"Est. reading time\" \/>\n\t<meta name=\"twitter:data2\" content=\"10 minut\" \/>\n<script type=\"application\/ld+json\" class=\"yoast-schema-graph\">{\"@context\":\"https:\/\/schema.org\",\"@graph\":[{\"@type\":\"Article\",\"@id\":\"https:\/\/milo.pet\/Blog\/jak-dbac-o-psa-latem\/#article\",\"isPartOf\":{\"@id\":\"https:\/\/milo.pet\/Blog\/jak-dbac-o-psa-latem\/\"},\"author\":{\"name\":\"Patrycja Nowak\",\"@id\":\"https:\/\/milo.pet\/Blog\/#\/schema\/person\/17bcd931b79f17d8453b85991012a6a3\"},\"headline\":\"Jak dba\u0107 o psa latem?\",\"datePublished\":\"2023-09-26T17:22:23+00:00\",\"dateModified\":\"2025-04-23T09:28:34+00:00\",\"mainEntityOfPage\":{\"@id\":\"https:\/\/milo.pet\/Blog\/jak-dbac-o-psa-latem\/\"},\"wordCount\":1865,\"publisher\":{\"@id\":\"https:\/\/milo.pet\/Blog\/#organization\"},\"image\":{\"@id\":\"https:\/\/milo.pet\/Blog\/jak-dbac-o-psa-latem\/#primaryimage\"},\"thumbnailUrl\":\"https:\/\/milo.pet\/Blog\/wp-content\/uploads\/2023\/09\/Untitled-design-2023-09-26T192912.692.jpg\",\"articleSection\":[\"Opiekunowie zwierz\u0105t - petsitterzy\",\"Porady\",\"Porady dla opiekun\u00f3w ps\u00f3w\",\"Porady dla w\u0142a\u015bcicieli ps\u00f3w\",\"Psy - dla opiekun\u00f3w ps\u00f3w\",\"Psy - dla w\u0142a\u015bcicieli ps\u00f3w\",\"W\u0142a\u015bciciele zwierz\u0105t\"],\"inLanguage\":\"pl-PL\"},{\"@type\":\"WebPage\",\"@id\":\"https:\/\/milo.pet\/Blog\/jak-dbac-o-psa-latem\/\",\"url\":\"https:\/\/milo.pet\/Blog\/jak-dbac-o-psa-latem\/\",\"name\":\"Jak dba\u0107 o psa latem? - Milo.pet\",\"isPartOf\":{\"@id\":\"https:\/\/milo.pet\/Blog\/#website\"},\"primaryImageOfPage\":{\"@id\":\"https:\/\/milo.pet\/Blog\/jak-dbac-o-psa-latem\/#primaryimage\"},\"image\":{\"@id\":\"https:\/\/milo.pet\/Blog\/jak-dbac-o-psa-latem\/#primaryimage\"},\"thumbnailUrl\":\"https:\/\/milo.pet\/Blog\/wp-content\/uploads\/2023\/09\/Untitled-design-2023-09-26T192912.692.jpg\",\"datePublished\":\"2023-09-26T17:22:23+00:00\",\"dateModified\":\"2025-04-23T09:28:34+00:00\",\"description\":\"Latem psy s\u0105 nara\u017cone na przegrzanie i odwodnienie. Sprawd\u017a, jak zapewni\u0107 pupilowi bezpiecze\u0144stwo, och\u0142od\u0119 i komfort w upalne dni.\",\"breadcrumb\":{\"@id\":\"https:\/\/milo.pet\/Blog\/jak-dbac-o-psa-latem\/#breadcrumb\"},\"inLanguage\":\"pl-PL\",\"potentialAction\":[{\"@type\":\"ReadAction\",\"target\":[\"https:\/\/milo.pet\/Blog\/jak-dbac-o-psa-latem\/\"]}]},{\"@type\":\"ImageObject\",\"inLanguage\":\"pl-PL\",\"@id\":\"https:\/\/milo.pet\/Blog\/jak-dbac-o-psa-latem\/#primaryimage\",\"url\":\"https:\/\/milo.pet\/Blog\/wp-content\/uploads\/2023\/09\/Untitled-design-2023-09-26T192912.692.jpg\",\"contentUrl\":\"https:\/\/milo.pet\/Blog\/wp-content\/uploads\/2023\/09\/Untitled-design-2023-09-26T192912.692.jpg\",\"width\":2100,\"height\":1360},{\"@type\":\"BreadcrumbList\",\"@id\":\"https:\/\/milo.pet\/Blog\/jak-dbac-o-psa-latem\/#breadcrumb\",\"itemListElement\":[{\"@type\":\"ListItem\",\"position\":1,\"name\":\"Home\",\"item\":\"https:\/\/milo.pet\/Blog\/\"},{\"@type\":\"ListItem\",\"position\":2,\"name\":\"Jak dba\u0107 o psa latem?\"}]},{\"@type\":\"WebSite\",\"@id\":\"https:\/\/milo.pet\/Blog\/#website\",\"url\":\"https:\/\/milo.pet\/Blog\/\",\"name\":\"Milo.pet\",\"description\":\"Blog\",\"publisher\":{\"@id\":\"https:\/\/milo.pet\/Blog\/#organization\"},\"potentialAction\":[{\"@type\":\"SearchAction\",\"target\":{\"@type\":\"EntryPoint\",\"urlTemplate\":\"https:\/\/milo.pet\/Blog\/?s={search_term_string}\"},\"query-input\":{\"@type\":\"PropertyValueSpecification\",\"valueRequired\":true,\"valueName\":\"search_term_string\"}}],\"inLanguage\":\"pl-PL\"},{\"@type\":\"Organization\",\"@id\":\"https:\/\/milo.pet\/Blog\/#organization\",\"name\":\"Milo.pet\",\"url\":\"https:\/\/milo.pet\/Blog\/\",\"logo\":{\"@type\":\"ImageObject\",\"inLanguage\":\"pl-PL\",\"@id\":\"https:\/\/milo.pet\/Blog\/#\/schema\/logo\/image\/\",\"url\":\"https:\/\/milo.pet\/Blog\/wp-content\/uploads\/2023\/09\/cropped-MiloPET-logo-1.png\",\"contentUrl\":\"https:\/\/milo.pet\/Blog\/wp-content\/uploads\/2023\/09\/cropped-MiloPET-logo-1.png\",\"width\":1998,\"height\":1419,\"caption\":\"Milo.pet\"},\"image\":{\"@id\":\"https:\/\/milo.pet\/Blog\/#\/schema\/logo\/image\/\"}},{\"@type\":\"Person\",\"@id\":\"https:\/\/milo.pet\/Blog\/#\/schema\/person\/17bcd931b79f17d8453b85991012a6a3\",\"name\":\"Patrycja Nowak\",\"image\":{\"@type\":\"ImageObject\",\"inLanguage\":\"pl-PL\",\"@id\":\"https:\/\/milo.pet\/Blog\/#\/schema\/person\/image\/\",\"url\":\"https:\/\/secure.gravatar.com\/avatar\/51d419d7a5a1cfc8e9054fcccb2678a105d0cb73af4acbf6a99ad9e72a6ba9a3?s=96&d=mm&r=g\",\"contentUrl\":\"https:\/\/secure.gravatar.com\/avatar\/51d419d7a5a1cfc8e9054fcccb2678a105d0cb73af4acbf6a99ad9e72a6ba9a3?s=96&d=mm&r=g\",\"caption\":\"Patrycja Nowak\"},\"description\":\"Trenerka ps\u00f3w. Pomagam opiekunom zrozumie\u0107 potrzeby ich pupili, buduj\u0105c harmonijn\u0105 relacj\u0119 opart\u0105 na zaufaniu i pozytywnym wzmocnieniu.\",\"sameAs\":[\"http:\/\/milo.pet\/Blog\"],\"url\":\"https:\/\/milo.pet\/Blog\/author\/arpok\/\"}]}<\/script>\n<!-- \/ Yoast SEO Premium plugin. -->","yoast_head_json":{"title":"Jak dba\u0107 o psa latem? - Milo.pet","description":"Latem psy s\u0105 nara\u017cone na przegrzanie i odwodnienie. Sprawd\u017a, jak zapewni\u0107 pupilowi bezpiecze\u0144stwo, och\u0142od\u0119 i komfort w upalne dni.","robots":{"index":"index","follow":"follow","max-snippet":"max-snippet:-1","max-image-preview":"max-image-preview:large","max-video-preview":"max-video-preview:-1"},"canonical":"https:\/\/milo.pet\/Blog\/jak-dbac-o-psa-latem\/","og_locale":"pl_PL","og_type":"article","og_title":"Jak dba\u0107 o psa latem?","og_description":"Latem psy s\u0105 nara\u017cone na przegrzanie i odwodnienie. Sprawd\u017a, jak zapewni\u0107 pupilowi bezpiecze\u0144stwo, och\u0142od\u0119 i komfort w upalne dni.","og_url":"https:\/\/milo.pet\/Blog\/jak-dbac-o-psa-latem\/","og_site_name":"Milo.pet","article_published_time":"2023-09-26T17:22:23+00:00","article_modified_time":"2025-04-23T09:28:34+00:00","og_image":[{"width":2100,"height":1360,"url":"https:\/\/milo.pet\/Blog\/wp-content\/uploads\/2023\/09\/Untitled-design-2023-09-26T192912.692.jpg","type":"image\/jpeg"}],"author":"Patrycja Nowak","twitter_card":"summary_large_image","twitter_misc":{"Written by":"Patrycja Nowak","Est. reading time":"10 minut"},"schema":{"@context":"https:\/\/schema.org","@graph":[{"@type":"Article","@id":"https:\/\/milo.pet\/Blog\/jak-dbac-o-psa-latem\/#article","isPartOf":{"@id":"https:\/\/milo.pet\/Blog\/jak-dbac-o-psa-latem\/"},"author":{"name":"Patrycja Nowak","@id":"https:\/\/milo.pet\/Blog\/#\/schema\/person\/17bcd931b79f17d8453b85991012a6a3"},"headline":"Jak dba\u0107 o psa latem?","datePublished":"2023-09-26T17:22:23+00:00","dateModified":"2025-04-23T09:28:34+00:00","mainEntityOfPage":{"@id":"https:\/\/milo.pet\/Blog\/jak-dbac-o-psa-latem\/"},"wordCount":1865,"publisher":{"@id":"https:\/\/milo.pet\/Blog\/#organization"},"image":{"@id":"https:\/\/milo.pet\/Blog\/jak-dbac-o-psa-latem\/#primaryimage"},"thumbnailUrl":"https:\/\/milo.pet\/Blog\/wp-content\/uploads\/2023\/09\/Untitled-design-2023-09-26T192912.692.jpg","articleSection":["Opiekunowie zwierz\u0105t - petsitterzy","Porady","Porady dla opiekun\u00f3w ps\u00f3w","Porady dla w\u0142a\u015bcicieli ps\u00f3w","Psy - dla opiekun\u00f3w ps\u00f3w","Psy - dla w\u0142a\u015bcicieli ps\u00f3w","W\u0142a\u015bciciele zwierz\u0105t"],"inLanguage":"pl-PL"},{"@type":"WebPage","@id":"https:\/\/milo.pet\/Blog\/jak-dbac-o-psa-latem\/","url":"https:\/\/milo.pet\/Blog\/jak-dbac-o-psa-latem\/","name":"Jak dba\u0107 o psa latem? - Milo.pet","isPartOf":{"@id":"https:\/\/milo.pet\/Blog\/#website"},"primaryImageOfPage":{"@id":"https:\/\/milo.pet\/Blog\/jak-dbac-o-psa-latem\/#primaryimage"},"image":{"@id":"https:\/\/milo.pet\/Blog\/jak-dbac-o-psa-latem\/#primaryimage"},"thumbnailUrl":"https:\/\/milo.pet\/Blog\/wp-content\/uploads\/2023\/09\/Untitled-design-2023-09-26T192912.692.jpg","datePublished":"2023-09-26T17:22:23+00:00","dateModified":"2025-04-23T09:28:34+00:00","description":"Latem psy s\u0105 nara\u017cone na przegrzanie i odwodnienie. Sprawd\u017a, jak zapewni\u0107 pupilowi bezpiecze\u0144stwo, och\u0142od\u0119 i komfort w upalne dni.","breadcrumb":{"@id":"https:\/\/milo.pet\/Blog\/jak-dbac-o-psa-latem\/#breadcrumb"},"inLanguage":"pl-PL","potentialAction":[{"@type":"ReadAction","target":["https:\/\/milo.pet\/Blog\/jak-dbac-o-psa-latem\/"]}]},{"@type":"ImageObject","inLanguage":"pl-PL","@id":"https:\/\/milo.pet\/Blog\/jak-dbac-o-psa-latem\/#primaryimage","url":"https:\/\/milo.pet\/Blog\/wp-content\/uploads\/2023\/09\/Untitled-design-2023-09-26T192912.692.jpg","contentUrl":"https:\/\/milo.pet\/Blog\/wp-content\/uploads\/2023\/09\/Untitled-design-2023-09-26T192912.692.jpg","width":2100,"height":1360},{"@type":"BreadcrumbList","@id":"https:\/\/milo.pet\/Blog\/jak-dbac-o-psa-latem\/#breadcrumb","itemListElement":[{"@type":"ListItem","position":1,"name":"Home","item":"https:\/\/milo.pet\/Blog\/"},{"@type":"ListItem","position":2,"name":"Jak dba\u0107 o psa latem?"}]},{"@type":"WebSite","@id":"https:\/\/milo.pet\/Blog\/#website","url":"https:\/\/milo.pet\/Blog\/","name":"Milo.pet","description":"Blog","publisher":{"@id":"https:\/\/milo.pet\/Blog\/#organization"},"potentialAction":[{"@type":"SearchAction","target":{"@type":"EntryPoint","urlTemplate":"https:\/\/milo.pet\/Blog\/?s={search_term_string}"},"query-input":{"@type":"PropertyValueSpecification","valueRequired":true,"valueName":"search_term_string"}}],"inLanguage":"pl-PL"},{"@type":"Organization","@id":"https:\/\/milo.pet\/Blog\/#organization","name":"Milo.pet","url":"https:\/\/milo.pet\/Blog\/","logo":{"@type":"ImageObject","inLanguage":"pl-PL","@id":"https:\/\/milo.pet\/Blog\/#\/schema\/logo\/image\/","url":"https:\/\/milo.pet\/Blog\/wp-content\/uploads\/2023\/09\/cropped-MiloPET-logo-1.png","contentUrl":"https:\/\/milo.pet\/Blog\/wp-content\/uploads\/2023\/09\/cropped-MiloPET-logo-1.png","width":1998,"height":1419,"caption":"Milo.pet"},"image":{"@id":"https:\/\/milo.pet\/Blog\/#\/schema\/logo\/image\/"}},{"@type":"Person","@id":"https:\/\/milo.pet\/Blog\/#\/schema\/person\/17bcd931b79f17d8453b85991012a6a3","name":"Patrycja Nowak","image":{"@type":"ImageObject","inLanguage":"pl-PL","@id":"https:\/\/milo.pet\/Blog\/#\/schema\/person\/image\/","url":"https:\/\/secure.gravatar.com\/avatar\/51d419d7a5a1cfc8e9054fcccb2678a105d0cb73af4acbf6a99ad9e72a6ba9a3?s=96&d=mm&r=g","contentUrl":"https:\/\/secure.gravatar.com\/avatar\/51d419d7a5a1cfc8e9054fcccb2678a105d0cb73af4acbf6a99ad9e72a6ba9a3?s=96&d=mm&r=g","caption":"Patrycja Nowak"},"description":"Trenerka ps\u00f3w. Pomagam opiekunom zrozumie\u0107 potrzeby ich pupili, buduj\u0105c harmonijn\u0105 relacj\u0119 opart\u0105 na zaufaniu i pozytywnym wzmocnieniu.","sameAs":["http:\/\/milo.pet\/Blog"],"url":"https:\/\/milo.pet\/Blog\/author\/arpok\/"}]}},"uagb_featured_image_src":{"full":["https:\/\/milo.pet\/Blog\/wp-content\/uploads\/2023\/09\/Untitled-design-2023-09-26T192912.692.jpg",2100,1360,false],"thumbnail":["https:\/\/milo.pet\/Blog\/wp-content\/uploads\/2023\/09\/Untitled-design-2023-09-26T192912.692-150x150.jpg",150,150,true],"medium":["https:\/\/milo.pet\/Blog\/wp-content\/uploads\/2023\/09\/Untitled-design-2023-09-26T192912.692-300x194.jpg",300,194,true],"medium_large":["https:\/\/milo.pet\/Blog\/wp-content\/uploads\/2023\/09\/Untitled-design-2023-09-26T192912.692-768x497.jpg",768,497,true],"large":["https:\/\/milo.pet\/Blog\/wp-content\/uploads\/2023\/09\/Untitled-design-2023-09-26T192912.692-1024x663.jpg",1024,663,true],"1536x1536":["https:\/\/milo.pet\/Blog\/wp-content\/uploads\/2023\/09\/Untitled-design-2023-09-26T192912.692-1536x995.jpg",1536,995,true],"2048x2048":["https:\/\/milo.pet\/Blog\/wp-content\/uploads\/2023\/09\/Untitled-design-2023-09-26T192912.692-2048x1326.jpg",2048,1326,true]},"uagb_author_info":{"display_name":"Patrycja Nowak","author_link":"https:\/\/milo.pet\/Blog\/author\/arpok\/"},"uagb_comment_info":0,"uagb_excerpt":"Lato to pora roku, kt\u00f3ra przynosi ze sob\u0105 nie tylko d\u0142ugo wyczekiwane ciep\u0142e dni i s\u0142oneczne chwile, ale tak\u017ce szereg wyzwa\u0144 dla w\u0142a\u015bcicieli czworonog\u00f3w. Wysokie temperatury, intensywne promienie s\u0142oneczne czy cho\u0107by skrajne zmiany pogody mog\u0105 stanowi\u0107 powa\u017cne zagro\u017cenie dla zdrowia i samopoczucia naszych pupili. Podobnie jak ludzie, psy tak\u017ce s\u0105 nara\u017cone na udary cieplne, oparzenia&hellip;","_links":{"self":[{"href":"https:\/\/milo.pet\/Blog\/wp-json\/wp\/v2\/posts\/2185","targetHints":{"allow":["GET"]}}],"collection":[{"href":"https:\/\/milo.pet\/Blog\/wp-json\/wp\/v2\/posts"}],"about":[{"href":"https:\/\/milo.pet\/Blog\/wp-json\/wp\/v2\/types\/post"}],"author":[{"embeddable":true,"href":"https:\/\/milo.pet\/Blog\/wp-json\/wp\/v2\/users\/1"}],"replies":[{"embeddable":true,"href":"https:\/\/milo.pet\/Blog\/wp-json\/wp\/v2\/comments?post=2185"}],"version-history":[{"count":7,"href":"https:\/\/milo.pet\/Blog\/wp-json\/wp\/v2\/posts\/2185\/revisions"}],"predecessor-version":[{"id":5857,"href":"https:\/\/milo.pet\/Blog\/wp-json\/wp\/v2\/posts\/2185\/revisions\/5857"}],"wp:featuredmedia":[{"embeddable":true,"href":"https:\/\/milo.pet\/Blog\/wp-json\/wp\/v2\/media\/2189"}],"wp:attachment":[{"href":"https:\/\/milo.pet\/Blog\/wp-json\/wp\/v2\/media?parent=2185"}],"wp:term":[{"taxonomy":"category","embeddable":true,"href":"https:\/\/milo.pet\/Blog\/wp-json\/wp\/v2\/categories?post=2185"},{"taxonomy":"post_tag","embeddable":true,"href":"https:\/\/milo.pet\/Blog\/wp-json\/wp\/v2\/tags?post=2185"}],"curies":[{"name":"wp","href":"https:\/\/api.w.org\/{rel}","templated":true}]}}