{"id":4120,"date":"2023-12-16T15:07:59","date_gmt":"2023-12-16T15:07:59","guid":{"rendered":"https:\/\/milo.pet\/Blog\/?p=4120"},"modified":"2025-05-08T13:58:48","modified_gmt":"2025-05-08T13:58:48","slug":"duzy-szwajcarski-pies-pasterski","status":"publish","type":"post","link":"https:\/\/milo.pet\/Blog\/duzy-szwajcarski-pies-pasterski\/","title":{"rendered":"Du\u017cy Szwajcarski Pies Pasterski"},"content":{"rendered":"\n<p>Du\u017cy Szwajcarski Pies Pasterski, znany r\u00f3wnie\u017c jako 'Grosser Schweizer Sennenhund&#8217;, jest ras\u0105, kt\u00f3ra zachwyca zar\u00f3wno swoj\u0105 imponuj\u0105c\u0105 postur\u0105, jak i \u0142agodnym temperamentem. Pochodz\u0105cy z Alp Szwajcarskich, ten majestatyczny pies pasterski od dawna jest ceniony za swoj\u0105 wszechstronno\u015b\u0107, si\u0142\u0119 i niezachwian\u0105 lojalno\u015b\u0107. W tym artykule przyjrzymy si\u0119 fascynuj\u0105cej historii tej rasy, oraz jej temperamentowi, kt\u00f3ry czyni j\u0105 wyj\u0105tkowym towarzyszem zar\u00f3wno w pracy, jak i w domu.<\/p>\n\n\n\n<div style=\"height:35px\" aria-hidden=\"true\" class=\"wp-block-spacer\"><\/div>\n\n\n\n<h2 class=\"wp-block-heading\" id=\"h-historia-i-pochodzenie\"><strong>Historia i Pochodzenie<\/strong><\/h2>\n\n\n\n<div style=\"height:35px\" aria-hidden=\"true\" class=\"wp-block-spacer\"><\/div>\n\n\n\n<figure class=\"wp-block-image size-large\"><img fetchpriority=\"high\" decoding=\"async\" width=\"1024\" height=\"683\" src=\"https:\/\/milo.pet\/Blog\/wp-content\/uploads\/2023\/12\/Untitled-design-2023-12-16T162400.262-1-1024x683.jpg\" alt=\"Dwa du\u017ce szwajcarskie psy pasterskie w trakcie spaceru po parku. \" class=\"wp-image-4125\" srcset=\"https:\/\/milo.pet\/Blog\/wp-content\/uploads\/2023\/12\/Untitled-design-2023-12-16T162400.262-1-1024x683.jpg 1024w, https:\/\/milo.pet\/Blog\/wp-content\/uploads\/2023\/12\/Untitled-design-2023-12-16T162400.262-1-300x200.jpg 300w, https:\/\/milo.pet\/Blog\/wp-content\/uploads\/2023\/12\/Untitled-design-2023-12-16T162400.262-1-768x512.jpg 768w, https:\/\/milo.pet\/Blog\/wp-content\/uploads\/2023\/12\/Untitled-design-2023-12-16T162400.262-1.jpg 1200w\" sizes=\"(max-width: 1024px) 100vw, 1024px\" \/><\/figure>\n\n\n\n<div style=\"height:35px\" aria-hidden=\"true\" class=\"wp-block-spacer\"><\/div>\n\n\n\n<ol class=\"wp-block-list\">\n<li><strong>Wczesne Pocz\u0105tki:<\/strong> Historia Du\u017cego Szwajcarskiego Psa Pasterskiego (Grosser Schweizer Sennenhund) si\u0119ga \u015bredniowiecza, kiedy to psy te by\u0142y powszechnie u\u017cywane w Alpach Szwajcarskich. Ich przodkowie prawdopodobnie przybyli do Szwajcarii wraz z rzymskimi legionami, co t\u0142umaczy ich fizyczne podobie\u0144stwo do innych du\u017cych molos\u00f3w. W tamtym czasie psy te wykorzystywano g\u0142\u00f3wnie jako psy poci\u0105gowe, wypasaj\u0105ce byd\u0142o, a tak\u017ce jako str\u00f3\u017cuj\u0105ce.<\/li>\n\n\n\n<li><strong>Rolnik i Stra\u017cnik<\/strong>: W wiejskich spo\u0142eczno\u015bciach Szwajcarii, te imponuj\u0105ce psy by\u0142y niezast\u0105pione w pracy z byd\u0142em i jako stra\u017cnicy gospodarstw. Ich si\u0142a i wytrzyma\u0142o\u015b\u0107 pozwala\u0142y na ci\u0105gni\u0119cie ci\u0119\u017ckich woz\u00f3w, a instynkt ochronny sprawia\u0142, \u017ce by\u0142y doskona\u0142ymi str\u00f3\u017cami. Wraz z rozwojem technologii i zmianami w rolnictwie, rola Du\u017cego Szwajcarskiego Psa Pasterskiego zacz\u0119\u0142a ewoluowa\u0107.<\/li>\n\n\n\n<li><strong>Od Zapomnienia do Odrodzenia:<\/strong> W pocz\u0105tkach XX wieku, ze wzgl\u0119du na mechanizacj\u0119 rolnictwa, rasa ta zacz\u0119\u0142a stopniowo zanika\u0107 i by\u0142a bliska wygini\u0119cia. Jednak dzi\u0119ki wysi\u0142kom entuzjast\u00f3w rasy, kt\u00f3rzy dostrzegli jej wyj\u0105tkowe cechy i znaczenie, Du\u017cy Szwajcarski Pies Pasterski zosta\u0142 uratowany przed zapomnieniem. Oficjalne uznania rasy dokonano w latach 30. XX wieku.<\/li>\n\n\n\n<li><strong>Dzisiejsza Popularno\u015b\u0107<\/strong>: Obecnie Du\u017cy Szwajcarski Pies Pasterski jest ceniony nie tylko w Szwajcarii, ale i na ca\u0142ym \u015bwiecie. Cho\u0107 nadal mo\u017cna go spotka\u0107 w roli psa roboczego, coraz cz\u0119\u015bciej pe\u0142ni rol\u0119 psa rodzinnego. Jego \u0142agodny temperament, lojalno\u015b\u0107 i zdolno\u015b\u0107 adaptacji sprawiaj\u0105, \u017ce jest doskona\u0142ym towarzyszem zar\u00f3wno dla rodzin, jak i singli.<\/li>\n<\/ol>\n\n\n\n<div class=\"wp-block-group is-layout-constrained wp-block-group-is-layout-constrained\"><div class=\"wp-block-group__inner-container\">\n<p class=\"has-black-color has-text-color has-background has-link-color wp-elements-df40dfec9364919121978634b5666bce\" style=\"background-color:#d1d1d1\"><a href=\"https:\/\/milo.pet\/Blog\/2023\/09\/19\/wybor-hodowli\/\" target=\"_blank\" rel=\"noreferrer noopener\"><strong>Zobacz:<\/strong> Na co zwraca\u0107 uwag\u0119 przy wyborze hodowli ps\u00f3w?<\/a><\/p>\n<\/div><\/div>\n\n\n\n<h2 class=\"wp-block-heading\" id=\"h-temperament\"><strong>Temperament<\/strong><\/h2>\n\n\n\n<div style=\"height:35px\" aria-hidden=\"true\" class=\"wp-block-spacer\"><\/div>\n\n\n\n<figure class=\"wp-block-image size-large\"><img decoding=\"async\" width=\"1024\" height=\"683\" src=\"https:\/\/milo.pet\/Blog\/wp-content\/uploads\/2023\/12\/Untitled-design-2023-12-16T162500.933-1-1024x683.jpg\" alt=\"Du\u017cy szwajcarski pies pasterski siedz\u0105cy na tle g\u00f3rskiego krajobrazu.\" class=\"wp-image-4126\" srcset=\"https:\/\/milo.pet\/Blog\/wp-content\/uploads\/2023\/12\/Untitled-design-2023-12-16T162500.933-1-1024x683.jpg 1024w, https:\/\/milo.pet\/Blog\/wp-content\/uploads\/2023\/12\/Untitled-design-2023-12-16T162500.933-1-300x200.jpg 300w, https:\/\/milo.pet\/Blog\/wp-content\/uploads\/2023\/12\/Untitled-design-2023-12-16T162500.933-1-768x512.jpg 768w, https:\/\/milo.pet\/Blog\/wp-content\/uploads\/2023\/12\/Untitled-design-2023-12-16T162500.933-1.jpg 1200w\" sizes=\"(max-width: 1024px) 100vw, 1024px\" \/><\/figure>\n\n\n\n<div style=\"height:35px\" aria-hidden=\"true\" class=\"wp-block-spacer\"><\/div>\n\n\n\n<ol class=\"wp-block-list\">\n<li><strong>\u0141agodny Olbrzym:<\/strong> Pomimo swojej imponuj\u0105cej wielko\u015bci i si\u0142y, Du\u017cy Szwajcarski Pies Pasterski jest znany z niezwykle \u0142agodnego i spokojnego temperamentu. To, co wyr\u00f3\u017cnia t\u0119 ras\u0119, to jej niesamowita r\u00f3wnowaga emocjonalna i cierpliwo\u015b\u0107, zw\u0142aszcza w obecno\u015bci dzieci. S\u0105 to psy niezwykle przyjacielskie, kt\u00f3re doskonale odnajduj\u0105 si\u0119 w rodzinnej atmosferze.<\/li>\n\n\n\n<li><strong>Oddany i Wierny:<\/strong> Ta rasa wykazuje g\u0142\u0119bok\u0105 lojalno\u015b\u0107 wobec swojej rodziny. S\u0105 to psy bardzo przywi\u0105zane do swoich opiekun\u00f3w, co czyni je doskona\u0142ymi towarzyszami. Ich oddanie cz\u0119sto objawia si\u0119 poprzez ch\u0119\u0107 ochrony domu i bliskich, co w po\u0142\u0105czeniu z naturalnym instynktem str\u00f3\u017cuj\u0105cym czyni je dyskretnymi, ale skutecznymi str\u00f3\u017cami.<\/li>\n\n\n\n<li><strong>Spokojny i Zr\u00f3wnowa\u017cony<\/strong>: Du\u017cy Szwajcarski Pies Pasterski nie jest zwykle psem nadmiernie ha\u0142a\u015bliwym. Jego spokojna natura sprawia, \u017ce rzadko szczeka bez powodu, co jest po\u017c\u0105dan\u0105 cech\u0105 w wielu \u015brodowiskach mieszkaniowych. Ta cecha, w po\u0142\u0105czeniu z ich og\u00f3ln\u0105 zr\u00f3wnowa\u017con\u0105 natur\u0105, czyni ich idealnymi psami dla os\u00f3b poszukuj\u0105cych stabilnego i spokojnego towarzysza.<\/li>\n\n\n\n<li><strong>Inteligentny i Ch\u0119tny do Nauki<\/strong>: Rasa ta jest r\u00f3wnie\u017c znana z inteligencji i zdolno\u015bci do szybkiego uczenia si\u0119. Du\u017cy Szwajcarski Pies Pasterski jest ch\u0119tny do pracy i potrafi przyswaja\u0107 nowe polecenia i sztuczki. Ich inteligencja i ch\u0119\u0107 do wsp\u00f3\u0142pracy sprawiaj\u0105, \u017ce szkolenie jest zwykle przyjemnym i efektywnym procesem.<\/li>\n\n\n\n<li><strong>Aktywny, Ale Nie Nadmiernie Energetyczny<\/strong>: Chocia\u017c Du\u017cy Szwajcarski Pies Pasterski lubi by\u0107 aktywny i cieszy si\u0119 spacerami czy lekk\u0105 zabaw\u0105, nie jest to rasa nadmiernie energiczna. Ich poziom aktywno\u015bci jest zr\u00f3wnowa\u017cony, co sprawia, \u017ce s\u0105 dobrym wyborem dla os\u00f3b, kt\u00f3re nie mog\u0105 po\u015bwi\u0119ca\u0107 znacznych ilo\u015bci czasu na intensywne \u0107wiczenia fizyczne.<\/li>\n<\/ol>\n\n\n\n<div class=\"wp-block-group is-layout-constrained wp-block-group-is-layout-constrained\"><div class=\"wp-block-group__inner-container\">\n<p class=\"has-black-color has-text-color has-background has-link-color wp-elements-b734fed6f3356ce3e7a4e7bb2a1147b0\" style=\"background-color:#d1d1d1\"><a href=\"https:\/\/milo.pet\/Blog\/2023\/09\/21\/socjalizacja-psa-jak-zrobic-to-dobrze\/\" target=\"_blank\" rel=\"noreferrer noopener\"><strong>Zobacz:<\/strong> Socjalizacja psa, jak robi\u0107 to dobrze.<\/a><\/p>\n<\/div><\/div>\n\n\n\n<h2 class=\"wp-block-heading\" id=\"h-zdrowie-i-pielegnacja\"><strong>Zdrowie i Piel\u0119gnacja<\/strong><\/h2>\n\n\n\n<div style=\"height:35px\" aria-hidden=\"true\" class=\"wp-block-spacer\"><\/div>\n\n\n\n<figure class=\"wp-block-image size-large\"><img decoding=\"async\" width=\"1024\" height=\"683\" src=\"https:\/\/milo.pet\/Blog\/wp-content\/uploads\/2023\/12\/Untitled-design-2023-12-16T162547.750-1-1024x683.jpg\" alt=\"Du\u017cy szwajcarski pies pasterski o typowym tr\u00f3jkolorowym umaszczeniu. \" class=\"wp-image-4127\" srcset=\"https:\/\/milo.pet\/Blog\/wp-content\/uploads\/2023\/12\/Untitled-design-2023-12-16T162547.750-1-1024x683.jpg 1024w, https:\/\/milo.pet\/Blog\/wp-content\/uploads\/2023\/12\/Untitled-design-2023-12-16T162547.750-1-300x200.jpg 300w, https:\/\/milo.pet\/Blog\/wp-content\/uploads\/2023\/12\/Untitled-design-2023-12-16T162547.750-1-768x512.jpg 768w, https:\/\/milo.pet\/Blog\/wp-content\/uploads\/2023\/12\/Untitled-design-2023-12-16T162547.750-1.jpg 1200w\" sizes=\"(max-width: 1024px) 100vw, 1024px\" \/><\/figure>\n\n\n\n<div style=\"height:35px\" aria-hidden=\"true\" class=\"wp-block-spacer\"><\/div>\n\n\n\n<h3 class=\"wp-block-heading\" id=\"h-zdrowie\"><strong>Zdrowie:<\/strong><\/h3>\n\n\n\n<div style=\"height:35px\" aria-hidden=\"true\" class=\"wp-block-spacer\"><\/div>\n\n\n\n<h3 class=\"wp-block-heading\" id=\"h-predyspozycje-genetyczne\"><strong>Predyspozycje Genetyczne<\/strong><\/h3>\n\n\n\n<div style=\"height:35px\" aria-hidden=\"true\" class=\"wp-block-spacer\"><\/div>\n\n\n\n<ol class=\"wp-block-list\">\n<li><strong>Dysplazja Staw\u00f3w Biodrowych i \u0141okciowych<\/strong>: Jest to do\u015b\u0107 powszechna dolegliwo\u015b\u0107 w\u015br\u00f3d wi\u0119kszych ras ps\u00f3w, polegaj\u0105ca na nieprawid\u0142owym rozwoju staw\u00f3w. Regularne badania ortopedyczne mog\u0105 pom\u00f3c w wczesnym wykryciu problemu.<\/li>\n\n\n\n<li><strong>Problemy z Oczami<\/strong>: W\u015br\u00f3d potencjalnych problem\u00f3w oczu warto wymieni\u0107 katarakt\u0119 i entropium. Regularne kontrole okulistyczne s\u0105 zalecane.<\/li>\n\n\n\n<li><strong>K\u0142opoty z Uk\u0142adem Pokarmowym<\/strong>: Du\u017cy Szwajcarski Pies Pasterski mo\u017ce by\u0107 podatny na dolegliwo\u015bci \u017co\u0142\u0105dkowe, dlatego wa\u017cna jest zbilansowana dieta i unikanie nadmiernego karmienia.<\/li>\n<\/ol>\n\n\n\n<div style=\"height:35px\" aria-hidden=\"true\" class=\"wp-block-spacer\"><\/div>\n\n\n\n<h3 class=\"wp-block-heading\" id=\"h-zalecenia-zdrowotne\"><strong>Zalecenia Zdrowotne<\/strong><\/h3>\n\n\n\n<div style=\"height:35px\" aria-hidden=\"true\" class=\"wp-block-spacer\"><\/div>\n\n\n\n<ol class=\"wp-block-list\">\n<li><strong>Regularne Badania Weterynaryjne<\/strong>: Regularne wizyty u weterynarza pomagaj\u0105 monitorowa\u0107 stan zdrowia psa i szybko reagowa\u0107 na ewentualne problemy.<\/li>\n\n\n\n<li><strong>Dieta i Waga<\/strong>: Wa\u017cne jest utrzymanie prawid\u0142owej wagi, co zmniejsza ryzyko problem\u00f3w stawowych i innych chor\u00f3b zwi\u0105zanych z nadwag\u0105.<\/li>\n\n\n\n<li><strong>Aktywno\u015b\u0107 Fizyczna<\/strong>: Umiarkowana aktywno\u015b\u0107 jest kluczowa dla utrzymania dobrego zdrowia. Nale\u017cy unika\u0107 nadmiernego wysi\u0142ku, zw\u0142aszcza w m\u0142odym wieku, gdy stawy psa s\u0105 jeszcze rozwijaj\u0105ce si\u0119.<\/li>\n<\/ol>\n\n\n\n<div style=\"height:35px\" aria-hidden=\"true\" class=\"wp-block-spacer\"><\/div>\n\n\n\n<h3 class=\"wp-block-heading\" id=\"h-pielegnacja\"><strong>Piel\u0119gnacja:<\/strong><\/h3>\n\n\n\n<div style=\"height:35px\" aria-hidden=\"true\" class=\"wp-block-spacer\"><\/div>\n\n\n\n<h3 class=\"wp-block-heading\" id=\"h-pielegnacja-siersci\"><strong>Piel\u0119gnacja Sier\u015bci<\/strong><\/h3>\n\n\n\n<div style=\"height:35px\" aria-hidden=\"true\" class=\"wp-block-spacer\"><\/div>\n\n\n\n<ol class=\"wp-block-list\">\n<li><strong>Szczotkowanie<\/strong>: Regularne szczotkowanie, przynajmniej raz w tygodniu, pomaga utrzyma\u0107 sier\u015b\u0107 w dobrym stanie i minimalizuje linienie.<\/li>\n\n\n\n<li><strong>K\u0105piele<\/strong>: K\u0105piele s\u0105 zalecane tylko wtedy, gdy s\u0105 koniecznie potrzebne, aby nie przesusza\u0107 naturalnych olej\u00f3w w sier\u015bci psa.<\/li>\n<\/ol>\n\n\n\n<div style=\"height:35px\" aria-hidden=\"true\" class=\"wp-block-spacer\"><\/div>\n\n\n\n<h3 class=\"wp-block-heading\" id=\"h-higiena-ogolna\"><strong>Higiena Og\u00f3lna<\/strong><\/h3>\n\n\n\n<div style=\"height:35px\" aria-hidden=\"true\" class=\"wp-block-spacer\"><\/div>\n\n\n\n<ol class=\"wp-block-list\">\n<li><strong>Pazury<\/strong>: Regularne przycinanie pazur\u00f3w jest wa\u017cne, aby zapobiec problemom z chodzeniem i b\u00f3lowi.<\/li>\n\n\n\n<li><strong>Uszy i Oczy<\/strong>: Regularne sprawdzanie i czyszczenie uszu oraz oczu pomaga zapobiega\u0107 infekcjom i innym problemom.<\/li>\n<\/ol>\n\n\n\n<div style=\"height:35px\" aria-hidden=\"true\" class=\"wp-block-spacer\"><\/div>\n\n\n\n<h2 class=\"wp-block-heading\" id=\"h-trening-i-wychowanie\"><strong>Trening i Wychowanie<\/strong><\/h2>\n\n\n\n<div style=\"height:35px\" aria-hidden=\"true\" class=\"wp-block-spacer\"><\/div>\n\n\n\n<figure class=\"wp-block-image size-large\"><img loading=\"lazy\" decoding=\"async\" width=\"1024\" height=\"683\" src=\"https:\/\/milo.pet\/Blog\/wp-content\/uploads\/2023\/12\/Untitled-design-2023-12-16T162654.874-1-1024x683.jpg\" alt=\"Uroczy szczeniak du\u017cego szwajcarskiego psa pasterskiego siedz\u0105cy na \u0142\u0105ce w s\u0142oneczny dzie\u0144.\" class=\"wp-image-4128\" srcset=\"https:\/\/milo.pet\/Blog\/wp-content\/uploads\/2023\/12\/Untitled-design-2023-12-16T162654.874-1-1024x683.jpg 1024w, https:\/\/milo.pet\/Blog\/wp-content\/uploads\/2023\/12\/Untitled-design-2023-12-16T162654.874-1-300x200.jpg 300w, https:\/\/milo.pet\/Blog\/wp-content\/uploads\/2023\/12\/Untitled-design-2023-12-16T162654.874-1-768x512.jpg 768w, https:\/\/milo.pet\/Blog\/wp-content\/uploads\/2023\/12\/Untitled-design-2023-12-16T162654.874-1.jpg 1200w\" sizes=\"(max-width: 1024px) 100vw, 1024px\" \/><\/figure>\n\n\n\n<div style=\"height:35px\" aria-hidden=\"true\" class=\"wp-block-spacer\"><\/div>\n\n\n\n<ol class=\"wp-block-list\">\n<li><strong>Wczesna Socjalizacja<\/strong>: Kluczowym aspektem w wychowaniu Du\u017cego Szwajcarskiego Psa Pasterskiego jest wczesna socjalizacja. Ju\u017c od szczeni\u0119cego wieku, psy te powinny by\u0107 eksponowane na r\u00f3\u017cnorodne do\u015bwiadczenia, ludzi i inne zwierz\u0119ta. To pomo\u017ce im rozwija\u0107 zr\u00f3wnowa\u017cone i pewne zachowania w r\u00f3\u017cnych sytuacjach.<\/li>\n\n\n\n<li><strong>Podstawy Pos\u0142usze\u0144stwa<\/strong>: Podstawowe szkolenie pos\u0142usze\u0144stwa jest niezb\u0119dne dla tej rasy. Nauczanie polece\u0144 takich jak 'siad&#8217;, 'waruj&#8217;, 'przy mnie&#8217; jest wa\u017cne dla bezpiecze\u0144stwa psa i dla zapewnienia, \u017ce b\u0119dzie on dobrze zachowywa\u0142 si\u0119 w spo\u0142ecze\u0144stwie. Te psy s\u0105 inteligentne i zazwyczaj szybko ucz\u0105 si\u0119 nowych komend.<\/li>\n\n\n\n<li><strong>Konsekwencja i Pozytywne Wzmocnienie:<\/strong> Du\u017cy Szwajcarski Pies Pasterski reaguje najlepiej na trening oparty na pozytywnym wzmocnieniu. U\u017cycie nagr\u00f3d, takich jak smako\u0142yki lub pochwa\u0142y, podczas szkolenia zwi\u0119ksza skuteczno\u015b\u0107 nauki. Konsekwencja w treningu jest r\u00f3wnie\u017c kluczowa, aby psy te rozumia\u0142y, czego si\u0119 od nich oczekuje.<\/li>\n\n\n\n<li><strong>Aktywno\u015b\u0107 Umys\u0142owa:<\/strong> Opr\u00f3cz fizycznej aktywno\u015bci, Du\u017cy Szwajcarski Pies Pasterski wymaga r\u00f3wnie\u017c stymulacji umys\u0142owej. Zabawy, kt\u00f3re wymagaj\u0105 my\u015blenia, takie jak zabawki interaktywne czy trening agility, mog\u0105 by\u0107 \u015bwietnym sposobem na utrzymanie ich umys\u0142u w dobrej kondycji.<\/li>\n\n\n\n<li><strong>Znaczenie Cierpliwo\u015bci:<\/strong> W treningu i wychowaniu Du\u017cego Szwajcarskiego Psa Pasterskiego cierpliwo\u015b\u0107 jest kluczowa. Chocia\u017c s\u0105 to psy inteligentne, ka\u017cdy pies uczy si\u0119 w swoim tempie. Wa\u017cne jest, aby nie wywiera\u0107 na nich zbyt du\u017cego nacisku i dawa\u0107 im czas na przyswojenie nauki.<\/li>\n\n\n\n<li><strong>Spo\u0142eczne Zachowania:<\/strong> Du\u017cy Szwajcarski Pies Pasterski powinien by\u0107 r\u00f3wnie\u017c nauczony odpowiednich zachowa\u0144 spo\u0142ecznych, szczeg\u00f3lnie w miejscach publicznych. Wprowadzenie ich w r\u00f3\u017cnorodne \u015brodowiska pomo\u017ce im nauczy\u0107 si\u0119, jak zachowywa\u0107 si\u0119 w obecno\u015bci innych ludzi i zwierz\u0105t.<\/li>\n<\/ol>\n\n\n\n<div class=\"wp-block-group is-layout-constrained wp-block-group-is-layout-constrained\"><div class=\"wp-block-group__inner-container\">\n<p class=\"has-black-color has-text-color has-background has-link-color wp-elements-386007a5d2243a16c4b9c104114eeef4\" style=\"background-color:#d1d1d1\"><a href=\"https:\/\/milo.pet\/Blog\/2023\/09\/20\/podstawy-szkolenia-psa\/\" target=\"_blank\" rel=\"noreferrer noopener\"><strong>Zobacz:<\/strong> Podstawy szkolenia psa<\/a><\/p>\n<\/div><\/div>\n\n\n\n<h2 class=\"wp-block-heading\" id=\"h-duzy-szwajcarski-pies-pasterski-w-rodzinie\"><strong>Du\u017cy Szwajcarski Pies Pasterski w Rodzinie<\/strong><\/h2>\n\n\n\n<div style=\"height:35px\" aria-hidden=\"true\" class=\"wp-block-spacer\"><\/div>\n\n\n\n<figure class=\"wp-block-image size-large\"><img loading=\"lazy\" decoding=\"async\" width=\"1024\" height=\"683\" src=\"https:\/\/milo.pet\/Blog\/wp-content\/uploads\/2023\/12\/Untitled-design-2023-12-16T162800.027-1-1024x683.jpg\" alt=\"Doros\u0142y szwajcarski pies pasterski na tle drzew.\" class=\"wp-image-4129\" srcset=\"https:\/\/milo.pet\/Blog\/wp-content\/uploads\/2023\/12\/Untitled-design-2023-12-16T162800.027-1-1024x683.jpg 1024w, https:\/\/milo.pet\/Blog\/wp-content\/uploads\/2023\/12\/Untitled-design-2023-12-16T162800.027-1-300x200.jpg 300w, https:\/\/milo.pet\/Blog\/wp-content\/uploads\/2023\/12\/Untitled-design-2023-12-16T162800.027-1-768x512.jpg 768w, https:\/\/milo.pet\/Blog\/wp-content\/uploads\/2023\/12\/Untitled-design-2023-12-16T162800.027-1.jpg 1200w\" sizes=\"(max-width: 1024px) 100vw, 1024px\" \/><\/figure>\n\n\n\n<div style=\"height:35px\" aria-hidden=\"true\" class=\"wp-block-spacer\"><\/div>\n\n\n\n<ol class=\"wp-block-list\">\n<li><strong>Doskona\u0142y Towarzysz Dla Dzieci:<\/strong> Du\u017cy Szwajcarski Pies Pasterski jest znany ze swojej niezwyk\u0142ej cierpliwo\u015bci i \u0142agodno\u015bci, co czyni go idealnym towarzyszem dla dzieci. Jego stabilne i spokojne zachowanie sprawia, \u017ce jest bezpiecznym i zaufanym cz\u0142onkiem rodziny, zw\u0142aszcza w obecno\u015bci m\u0142odszych cz\u0142onk\u00f3w domu. Oczywi\u015bcie, jak w przypadku ka\u017cdej interakcji mi\u0119dzy psami a ma\u0142ymi dzie\u0107mi, nadz\u00f3r doros\u0142ych jest zawsze zalecany.<\/li>\n\n\n\n<li><strong>Aktywny Cz\u0142onek Rodziny:<\/strong> Ten pies uwielbia by\u0107 cz\u0119\u015bci\u0105 rodzinnych aktywno\u015bci. Czy to spacer, wycieczka czy po prostu zabawa w ogrodzie, Du\u017cy Szwajcarski Pies Pasterski ch\u0119tnie do\u0142\u0105czy do rodzinnych przedsi\u0119wzi\u0119\u0107. Jego potrzeby fizyczne nie s\u0105 nadmiernie du\u017ce, ale regularna aktywno\u015b\u0107 jest wa\u017cna dla jego zdrowia fizycznego i psychicznego.<\/li>\n\n\n\n<li><strong>Wymagania Przestrzenne:<\/strong> Z uwagi na swoje rozmiary, Du\u017cy Szwajcarski Pies Pasterski najlepiej czuje si\u0119 w domu z dost\u0119pem do bezpiecznego, ogrodzonego podw\u00f3rka. Chocia\u017c mog\u0105 dostosowa\u0107 si\u0119 do \u017cycia w mieszkaniu, wa\u017cne jest zapewnienie im odpowiedniej ilo\u015bci ruchu.<\/li>\n\n\n\n<li><strong>Integracja z Innymi Zwierz\u0119tami:<\/strong> Je\u015bli zostan\u0105 odpowiednio socjalizowane, Du\u017ce Szwajcarskie Psy Pasterskie mog\u0105 dobrze dogadywa\u0107 si\u0119 z innymi zwierz\u0119tami domowymi. Ich \u0142agodna natura sprawia, \u017ce rzadko s\u0105 agresywne, co u\u0142atwia wsp\u00f3\u0142istnienie z innymi psami czy kotami.<\/li>\n<\/ol>\n\n\n\n<div style=\"height:35px\" aria-hidden=\"true\" class=\"wp-block-spacer\"><\/div>\n\n\n\n<p>Du\u017cy Szwajcarski Pies Pasterski to wyj\u0105tkowa rasa, kt\u00f3ra wnosi do rodziny wi\u0119cej ni\u017c tylko swoje imponuj\u0105ce rozmiary. Z jego \u0142agodnym temperamentem, lojalno\u015bci\u0105 i niezwyk\u0142\u0105 zdolno\u015bci\u0105 do adaptacji, ten pies jest doskona\u0142ym towarzyszem dla os\u00f3b w r\u00f3\u017cnym wieku i z r\u00f3\u017cnymi stylami \u017cycia. Jego historia, zdrowie, potrzeby w zakresie piel\u0119gnacji, a przede wszystkim spos\u00f3b, w jaki wzbogaca \u017cycie rodzinne, czyni\u0105 go wyj\u0105tkowym wyborem dla tych, kt\u00f3rzy poszukuj\u0105 wiernego i wszechstronnego towarzysza.<\/p>\n\n\n\n<p>Du\u017cy Szwajcarski Pies Pasterski, znany r\u00f3wnie\u017c jako 'Grosser Schweizer Sennenhund&#8217;, jest ras\u0105, kt\u00f3ra zachwyca zar\u00f3wno swoj\u0105 imponuj\u0105c\u0105 postur\u0105, jak i \u0142agodnym temperamentem. Pochodz\u0105cy z Alp Szwajcarskich, ten majestatyczny pies pasterski od dawna jest ceniony za swoj\u0105 wszechstronno\u015b\u0107, si\u0142\u0119 i niezachwian\u0105 lojalno\u015b\u0107. W tym artykule przyjrzymy si\u0119 fascynuj\u0105cej historii tej rasy, oraz jej temperamentowi, kt\u00f3ry czyni j\u0105 wyj\u0105tkowym towarzyszem zar\u00f3wno w pracy, jak i w domu.<\/p>\n\n\n\n<div style=\"height:35px\" aria-hidden=\"true\" class=\"wp-block-spacer\"><\/div>\n\n\n\n<h2 class=\"wp-block-heading\" id=\"h-historia-i-pochodzenie-0\"><strong>Historia i Pochodzenie<\/strong><\/h2>\n\n\n\n<div style=\"height:35px\" aria-hidden=\"true\" class=\"wp-block-spacer\"><\/div>\n\n\n\n<figure class=\"wp-block-image size-large\"><img fetchpriority=\"high\" decoding=\"async\" width=\"1024\" height=\"683\" src=\"https:\/\/milo.pet\/Blog\/wp-content\/uploads\/2023\/12\/Untitled-design-2023-12-16T162400.262-1-1024x683.jpg\" alt=\"Dwa du\u017ce szwajcarskie psy pasterskie w trakcie spaceru po parku. \" class=\"wp-image-4125\" srcset=\"https:\/\/milo.pet\/Blog\/wp-content\/uploads\/2023\/12\/Untitled-design-2023-12-16T162400.262-1-1024x683.jpg 1024w, https:\/\/milo.pet\/Blog\/wp-content\/uploads\/2023\/12\/Untitled-design-2023-12-16T162400.262-1-300x200.jpg 300w, https:\/\/milo.pet\/Blog\/wp-content\/uploads\/2023\/12\/Untitled-design-2023-12-16T162400.262-1-768x512.jpg 768w, https:\/\/milo.pet\/Blog\/wp-content\/uploads\/2023\/12\/Untitled-design-2023-12-16T162400.262-1.jpg 1200w\" sizes=\"(max-width: 1024px) 100vw, 1024px\" \/><\/figure>\n\n\n\n<div style=\"height:35px\" aria-hidden=\"true\" class=\"wp-block-spacer\"><\/div>\n\n\n\n<ol class=\"wp-block-list\">\n<li><strong>Wczesne Pocz\u0105tki:<\/strong> Historia Du\u017cego Szwajcarskiego Psa Pasterskiego (Grosser Schweizer Sennenhund) si\u0119ga \u015bredniowiecza, kiedy to psy te by\u0142y powszechnie u\u017cywane w Alpach Szwajcarskich. Ich przodkowie prawdopodobnie przybyli do Szwajcarii wraz z rzymskimi legionami, co t\u0142umaczy ich fizyczne podobie\u0144stwo do innych du\u017cych molos\u00f3w. W tamtym czasie psy te wykorzystywano g\u0142\u00f3wnie jako psy poci\u0105gowe, wypasaj\u0105ce byd\u0142o, a tak\u017ce jako str\u00f3\u017cuj\u0105ce.<\/li>\n\n\n\n<li><strong>Rolnik i Stra\u017cnik<\/strong>: W wiejskich spo\u0142eczno\u015bciach Szwajcarii, te imponuj\u0105ce psy by\u0142y niezast\u0105pione w pracy z byd\u0142em i jako stra\u017cnicy gospodarstw. Ich si\u0142a i wytrzyma\u0142o\u015b\u0107 pozwala\u0142y na ci\u0105gni\u0119cie ci\u0119\u017ckich woz\u00f3w, a instynkt ochronny sprawia\u0142, \u017ce by\u0142y doskona\u0142ymi str\u00f3\u017cami. Wraz z rozwojem technologii i zmianami w rolnictwie, rola Du\u017cego Szwajcarskiego Psa Pasterskiego zacz\u0119\u0142a ewoluowa\u0107.<\/li>\n\n\n\n<li><strong>Od Zapomnienia do Odrodzenia:<\/strong> W pocz\u0105tkach XX wieku, ze wzgl\u0119du na mechanizacj\u0119 rolnictwa, rasa ta zacz\u0119\u0142a stopniowo zanika\u0107 i by\u0142a bliska wygini\u0119cia. Jednak dzi\u0119ki wysi\u0142kom entuzjast\u00f3w rasy, kt\u00f3rzy dostrzegli jej wyj\u0105tkowe cechy i znaczenie, Du\u017cy Szwajcarski Pies Pasterski zosta\u0142 uratowany przed zapomnieniem. Oficjalne uznania rasy dokonano w latach 30. XX wieku.<\/li>\n\n\n\n<li><strong>Dzisiejsza Popularno\u015b\u0107<\/strong>: Obecnie Du\u017cy Szwajcarski Pies Pasterski jest ceniony nie tylko w Szwajcarii, ale i na ca\u0142ym \u015bwiecie. Cho\u0107 nadal mo\u017cna go spotka\u0107 w roli psa roboczego, coraz cz\u0119\u015bciej pe\u0142ni rol\u0119 psa rodzinnego. Jego \u0142agodny temperament, lojalno\u015b\u0107 i zdolno\u015b\u0107 adaptacji sprawiaj\u0105, \u017ce jest doskona\u0142ym towarzyszem zar\u00f3wno dla rodzin, jak i singli.<\/li>\n<\/ol>\n\n\n\n<div class=\"wp-block-group is-layout-constrained wp-block-group-is-layout-constrained\"><div class=\"wp-block-group__inner-container\">\n<p class=\"has-black-color has-text-color has-background has-link-color wp-elements-df40dfec9364919121978634b5666bce\" style=\"background-color:#d1d1d1\"><a href=\"https:\/\/milo.pet\/Blog\/2023\/09\/19\/wybor-hodowli\/\" target=\"_blank\" rel=\"noreferrer noopener\"><strong>Zobacz:<\/strong> Na co zwraca\u0107 uwag\u0119 przy wyborze hodowli ps\u00f3w?<\/a><\/p>\n<\/div><\/div>\n\n\n\n<h2 class=\"wp-block-heading\" id=\"h-temperament-0\"><strong>Temperament<\/strong><\/h2>\n\n\n\n<div style=\"height:35px\" aria-hidden=\"true\" class=\"wp-block-spacer\"><\/div>\n\n\n\n<figure class=\"wp-block-image size-large\"><img decoding=\"async\" width=\"1024\" height=\"683\" src=\"https:\/\/milo.pet\/Blog\/wp-content\/uploads\/2023\/12\/Untitled-design-2023-12-16T162500.933-1-1024x683.jpg\" alt=\"Du\u017cy szwajcarski pies pasterski siedz\u0105cy na tle g\u00f3rskiego krajobrazu.\" class=\"wp-image-4126\" srcset=\"https:\/\/milo.pet\/Blog\/wp-content\/uploads\/2023\/12\/Untitled-design-2023-12-16T162500.933-1-1024x683.jpg 1024w, https:\/\/milo.pet\/Blog\/wp-content\/uploads\/2023\/12\/Untitled-design-2023-12-16T162500.933-1-300x200.jpg 300w, https:\/\/milo.pet\/Blog\/wp-content\/uploads\/2023\/12\/Untitled-design-2023-12-16T162500.933-1-768x512.jpg 768w, https:\/\/milo.pet\/Blog\/wp-content\/uploads\/2023\/12\/Untitled-design-2023-12-16T162500.933-1.jpg 1200w\" sizes=\"(max-width: 1024px) 100vw, 1024px\" \/><\/figure>\n\n\n\n<div style=\"height:35px\" aria-hidden=\"true\" class=\"wp-block-spacer\"><\/div>\n\n\n\n<ol class=\"wp-block-list\">\n<li><strong>\u0141agodny Olbrzym:<\/strong> Pomimo swojej imponuj\u0105cej wielko\u015bci i si\u0142y, Du\u017cy Szwajcarski Pies Pasterski jest znany z niezwykle \u0142agodnego i spokojnego temperamentu. To, co wyr\u00f3\u017cnia t\u0119 ras\u0119, to jej niesamowita r\u00f3wnowaga emocjonalna i cierpliwo\u015b\u0107, zw\u0142aszcza w obecno\u015bci dzieci. S\u0105 to psy niezwykle przyjacielskie, kt\u00f3re doskonale odnajduj\u0105 si\u0119 w rodzinnej atmosferze.<\/li>\n\n\n\n<li><strong>Oddany i Wierny:<\/strong> Ta rasa wykazuje g\u0142\u0119bok\u0105 lojalno\u015b\u0107 wobec swojej rodziny. S\u0105 to psy bardzo przywi\u0105zane do swoich opiekun\u00f3w, co czyni je doskona\u0142ymi towarzyszami. Ich oddanie cz\u0119sto objawia si\u0119 poprzez ch\u0119\u0107 ochrony domu i bliskich, co w po\u0142\u0105czeniu z naturalnym instynktem str\u00f3\u017cuj\u0105cym czyni je dyskretnymi, ale skutecznymi str\u00f3\u017cami.<\/li>\n\n\n\n<li><strong>Spokojny i Zr\u00f3wnowa\u017cony<\/strong>: Du\u017cy Szwajcarski Pies Pasterski nie jest zwykle psem nadmiernie ha\u0142a\u015bliwym. Jego spokojna natura sprawia, \u017ce rzadko szczeka bez powodu, co jest po\u017c\u0105dan\u0105 cech\u0105 w wielu \u015brodowiskach mieszkaniowych. Ta cecha, w po\u0142\u0105czeniu z ich og\u00f3ln\u0105 zr\u00f3wnowa\u017con\u0105 natur\u0105, czyni ich idealnymi psami dla os\u00f3b poszukuj\u0105cych stabilnego i spokojnego towarzysza.<\/li>\n\n\n\n<li><strong>Inteligentny i Ch\u0119tny do Nauki<\/strong>: Rasa ta jest r\u00f3wnie\u017c znana z inteligencji i zdolno\u015bci do szybkiego uczenia si\u0119. Du\u017cy Szwajcarski Pies Pasterski jest ch\u0119tny do pracy i potrafi przyswaja\u0107 nowe polecenia i sztuczki. Ich inteligencja i ch\u0119\u0107 do wsp\u00f3\u0142pracy sprawiaj\u0105, \u017ce szkolenie jest zwykle przyjemnym i efektywnym procesem.<\/li>\n\n\n\n<li><strong>Aktywny, Ale Nie Nadmiernie Energetyczny<\/strong>: Chocia\u017c Du\u017cy Szwajcarski Pies Pasterski lubi by\u0107 aktywny i cieszy si\u0119 spacerami czy lekk\u0105 zabaw\u0105, nie jest to rasa nadmiernie energiczna. Ich poziom aktywno\u015bci jest zr\u00f3wnowa\u017cony, co sprawia, \u017ce s\u0105 dobrym wyborem dla os\u00f3b, kt\u00f3re nie mog\u0105 po\u015bwi\u0119ca\u0107 znacznych ilo\u015bci czasu na intensywne \u0107wiczenia fizyczne.<\/li>\n<\/ol>\n\n\n\n<div class=\"wp-block-group is-layout-constrained wp-block-group-is-layout-constrained\"><div class=\"wp-block-group__inner-container\">\n<p class=\"has-black-color has-text-color has-background has-link-color wp-elements-b734fed6f3356ce3e7a4e7bb2a1147b0\" style=\"background-color:#d1d1d1\"><a href=\"https:\/\/milo.pet\/Blog\/2023\/09\/21\/socjalizacja-psa-jak-zrobic-to-dobrze\/\" target=\"_blank\" rel=\"noreferrer noopener\"><strong>Zobacz:<\/strong> Socjalizacja psa, jak robi\u0107 to dobrze.<\/a><\/p>\n<\/div><\/div>\n\n\n\n<h2 class=\"wp-block-heading\" id=\"h-zdrowie-i-pielegnacja-0\"><strong>Zdrowie i Piel\u0119gnacja<\/strong><\/h2>\n\n\n\n<div style=\"height:35px\" aria-hidden=\"true\" class=\"wp-block-spacer\"><\/div>\n\n\n\n<figure class=\"wp-block-image size-large\"><img decoding=\"async\" width=\"1024\" height=\"683\" src=\"https:\/\/milo.pet\/Blog\/wp-content\/uploads\/2023\/12\/Untitled-design-2023-12-16T162547.750-1-1024x683.jpg\" alt=\"Du\u017cy szwajcarski pies pasterski o typowym tr\u00f3jkolorowym umaszczeniu. \" class=\"wp-image-4127\" srcset=\"https:\/\/milo.pet\/Blog\/wp-content\/uploads\/2023\/12\/Untitled-design-2023-12-16T162547.750-1-1024x683.jpg 1024w, https:\/\/milo.pet\/Blog\/wp-content\/uploads\/2023\/12\/Untitled-design-2023-12-16T162547.750-1-300x200.jpg 300w, https:\/\/milo.pet\/Blog\/wp-content\/uploads\/2023\/12\/Untitled-design-2023-12-16T162547.750-1-768x512.jpg 768w, https:\/\/milo.pet\/Blog\/wp-content\/uploads\/2023\/12\/Untitled-design-2023-12-16T162547.750-1.jpg 1200w\" sizes=\"(max-width: 1024px) 100vw, 1024px\" \/><\/figure>\n\n\n\n<div style=\"height:35px\" aria-hidden=\"true\" class=\"wp-block-spacer\"><\/div>\n\n\n\n<h3 class=\"wp-block-heading\" id=\"h-zdrowie-0\"><strong>Zdrowie:<\/strong><\/h3>\n\n\n\n<div style=\"height:35px\" aria-hidden=\"true\" class=\"wp-block-spacer\"><\/div>\n\n\n\n<h3 class=\"wp-block-heading\" id=\"h-predyspozycje-genetyczne-0\"><strong>Predyspozycje Genetyczne<\/strong><\/h3>\n\n\n\n<div style=\"height:35px\" aria-hidden=\"true\" class=\"wp-block-spacer\"><\/div>\n\n\n\n<ol class=\"wp-block-list\">\n<li><strong>Dysplazja Staw\u00f3w Biodrowych i \u0141okciowych<\/strong>: Jest to do\u015b\u0107 powszechna dolegliwo\u015b\u0107 w\u015br\u00f3d wi\u0119kszych ras ps\u00f3w, polegaj\u0105ca na nieprawid\u0142owym rozwoju staw\u00f3w. Regularne badania ortopedyczne mog\u0105 pom\u00f3c w wczesnym wykryciu problemu.<\/li>\n\n\n\n<li><strong>Problemy z Oczami<\/strong>: W\u015br\u00f3d potencjalnych problem\u00f3w oczu warto wymieni\u0107 katarakt\u0119 i entropium. Regularne kontrole okulistyczne s\u0105 zalecane.<\/li>\n\n\n\n<li><strong>K\u0142opoty z Uk\u0142adem Pokarmowym<\/strong>: Du\u017cy Szwajcarski Pies Pasterski mo\u017ce by\u0107 podatny na dolegliwo\u015bci \u017co\u0142\u0105dkowe, dlatego wa\u017cna jest zbilansowana dieta i unikanie nadmiernego karmienia.<\/li>\n<\/ol>\n\n\n\n<div style=\"height:35px\" aria-hidden=\"true\" class=\"wp-block-spacer\"><\/div>\n\n\n\n<h3 class=\"wp-block-heading\" id=\"h-zalecenia-zdrowotne-0\"><strong>Zalecenia Zdrowotne<\/strong><\/h3>\n\n\n\n<div style=\"height:35px\" aria-hidden=\"true\" class=\"wp-block-spacer\"><\/div>\n\n\n\n<ol class=\"wp-block-list\">\n<li><strong>Regularne Badania Weterynaryjne<\/strong>: Regularne wizyty u weterynarza pomagaj\u0105 monitorowa\u0107 stan zdrowia psa i szybko reagowa\u0107 na ewentualne problemy.<\/li>\n\n\n\n<li><strong>Dieta i Waga<\/strong>: Wa\u017cne jest utrzymanie prawid\u0142owej wagi, co zmniejsza ryzyko problem\u00f3w stawowych i innych chor\u00f3b zwi\u0105zanych z nadwag\u0105.<\/li>\n\n\n\n<li><strong>Aktywno\u015b\u0107 Fizyczna<\/strong>: Umiarkowana aktywno\u015b\u0107 jest kluczowa dla utrzymania dobrego zdrowia. Nale\u017cy unika\u0107 nadmiernego wysi\u0142ku, zw\u0142aszcza w m\u0142odym wieku, gdy stawy psa s\u0105 jeszcze rozwijaj\u0105ce si\u0119.<\/li>\n<\/ol>\n\n\n\n<div style=\"height:35px\" aria-hidden=\"true\" class=\"wp-block-spacer\"><\/div>\n\n\n\n<h3 class=\"wp-block-heading\" id=\"h-pielegnacja-0\"><strong>Piel\u0119gnacja:<\/strong><\/h3>\n\n\n\n<div style=\"height:35px\" aria-hidden=\"true\" class=\"wp-block-spacer\"><\/div>\n\n\n\n<h3 class=\"wp-block-heading\" id=\"h-pielegnacja-siersci-0\"><strong>Piel\u0119gnacja Sier\u015bci<\/strong><\/h3>\n\n\n\n<div style=\"height:35px\" aria-hidden=\"true\" class=\"wp-block-spacer\"><\/div>\n\n\n\n<ol class=\"wp-block-list\">\n<li><strong>Szczotkowanie<\/strong>: Regularne szczotkowanie, przynajmniej raz w tygodniu, pomaga utrzyma\u0107 sier\u015b\u0107 w dobrym stanie i minimalizuje linienie.<\/li>\n\n\n\n<li><strong>K\u0105piele<\/strong>: K\u0105piele s\u0105 zalecane tylko wtedy, gdy s\u0105 koniecznie potrzebne, aby nie przesusza\u0107 naturalnych olej\u00f3w w sier\u015bci psa.<\/li>\n<\/ol>\n\n\n\n<div style=\"height:35px\" aria-hidden=\"true\" class=\"wp-block-spacer\"><\/div>\n\n\n\n<h3 class=\"wp-block-heading\" id=\"h-higiena-ogolna-0\"><strong>Higiena Og\u00f3lna<\/strong><\/h3>\n\n\n\n<div style=\"height:35px\" aria-hidden=\"true\" class=\"wp-block-spacer\"><\/div>\n\n\n\n<ol class=\"wp-block-list\">\n<li><strong>Pazury<\/strong>: Regularne przycinanie pazur\u00f3w jest wa\u017cne, aby zapobiec problemom z chodzeniem i b\u00f3lowi.<\/li>\n\n\n\n<li><strong>Uszy i Oczy<\/strong>: Regularne sprawdzanie i czyszczenie uszu oraz oczu pomaga zapobiega\u0107 infekcjom i innym problemom.<\/li>\n<\/ol>\n\n\n\n<div style=\"height:35px\" aria-hidden=\"true\" class=\"wp-block-spacer\"><\/div>\n\n\n\n<h2 class=\"wp-block-heading\" id=\"h-trening-i-wychowanie-0\"><strong>Trening i Wychowanie<\/strong><\/h2>\n\n\n\n<div style=\"height:35px\" aria-hidden=\"true\" class=\"wp-block-spacer\"><\/div>\n\n\n\n<figure class=\"wp-block-image size-large\"><img loading=\"lazy\" decoding=\"async\" width=\"1024\" height=\"683\" src=\"https:\/\/milo.pet\/Blog\/wp-content\/uploads\/2023\/12\/Untitled-design-2023-12-16T162654.874-1-1024x683.jpg\" alt=\"Uroczy szczeniak du\u017cego szwajcarskiego psa pasterskiego siedz\u0105cy na \u0142\u0105ce w s\u0142oneczny dzie\u0144.\" class=\"wp-image-4128\" srcset=\"https:\/\/milo.pet\/Blog\/wp-content\/uploads\/2023\/12\/Untitled-design-2023-12-16T162654.874-1-1024x683.jpg 1024w, https:\/\/milo.pet\/Blog\/wp-content\/uploads\/2023\/12\/Untitled-design-2023-12-16T162654.874-1-300x200.jpg 300w, https:\/\/milo.pet\/Blog\/wp-content\/uploads\/2023\/12\/Untitled-design-2023-12-16T162654.874-1-768x512.jpg 768w, https:\/\/milo.pet\/Blog\/wp-content\/uploads\/2023\/12\/Untitled-design-2023-12-16T162654.874-1.jpg 1200w\" sizes=\"(max-width: 1024px) 100vw, 1024px\" \/><\/figure>\n\n\n\n<div style=\"height:35px\" aria-hidden=\"true\" class=\"wp-block-spacer\"><\/div>\n\n\n\n<ol class=\"wp-block-list\">\n<li><strong>Wczesna Socjalizacja<\/strong>: Kluczowym aspektem w wychowaniu Du\u017cego Szwajcarskiego Psa Pasterskiego jest wczesna socjalizacja. Ju\u017c od szczeni\u0119cego wieku, psy te powinny by\u0107 eksponowane na r\u00f3\u017cnorodne do\u015bwiadczenia, ludzi i inne zwierz\u0119ta. To pomo\u017ce im rozwija\u0107 zr\u00f3wnowa\u017cone i pewne zachowania w r\u00f3\u017cnych sytuacjach.<\/li>\n\n\n\n<li><strong>Podstawy Pos\u0142usze\u0144stwa<\/strong>: Podstawowe szkolenie pos\u0142usze\u0144stwa jest niezb\u0119dne dla tej rasy. Nauczanie polece\u0144 takich jak 'siad&#8217;, 'waruj&#8217;, 'przy mnie&#8217; jest wa\u017cne dla bezpiecze\u0144stwa psa i dla zapewnienia, \u017ce b\u0119dzie on dobrze zachowywa\u0142 si\u0119 w spo\u0142ecze\u0144stwie. Te psy s\u0105 inteligentne i zazwyczaj szybko ucz\u0105 si\u0119 nowych komend.<\/li>\n\n\n\n<li><strong>Konsekwencja i Pozytywne Wzmocnienie:<\/strong> Du\u017cy Szwajcarski Pies Pasterski reaguje najlepiej na trening oparty na pozytywnym wzmocnieniu. U\u017cycie nagr\u00f3d, takich jak smako\u0142yki lub pochwa\u0142y, podczas szkolenia zwi\u0119ksza skuteczno\u015b\u0107 nauki. Konsekwencja w treningu jest r\u00f3wnie\u017c kluczowa, aby psy te rozumia\u0142y, czego si\u0119 od nich oczekuje.<\/li>\n\n\n\n<li><strong>Aktywno\u015b\u0107 Umys\u0142owa:<\/strong> Opr\u00f3cz fizycznej aktywno\u015bci, Du\u017cy Szwajcarski Pies Pasterski wymaga r\u00f3wnie\u017c stymulacji umys\u0142owej. Zabawy, kt\u00f3re wymagaj\u0105 my\u015blenia, takie jak zabawki interaktywne czy trening agility, mog\u0105 by\u0107 \u015bwietnym sposobem na utrzymanie ich umys\u0142u w dobrej kondycji.<\/li>\n\n\n\n<li><strong>Znaczenie Cierpliwo\u015bci:<\/strong> W treningu i wychowaniu Du\u017cego Szwajcarskiego Psa Pasterskiego cierpliwo\u015b\u0107 jest kluczowa. Chocia\u017c s\u0105 to psy inteligentne, ka\u017cdy pies uczy si\u0119 w swoim tempie. Wa\u017cne jest, aby nie wywiera\u0107 na nich zbyt du\u017cego nacisku i dawa\u0107 im czas na przyswojenie nauki.<\/li>\n\n\n\n<li><strong>Spo\u0142eczne Zachowania:<\/strong> Du\u017cy Szwajcarski Pies Pasterski powinien by\u0107 r\u00f3wnie\u017c nauczony odpowiednich zachowa\u0144 spo\u0142ecznych, szczeg\u00f3lnie w miejscach publicznych. Wprowadzenie ich w r\u00f3\u017cnorodne \u015brodowiska pomo\u017ce im nauczy\u0107 si\u0119, jak zachowywa\u0107 si\u0119 w obecno\u015bci innych ludzi i zwierz\u0105t.<\/li>\n<\/ol>\n\n\n\n<div class=\"wp-block-group is-layout-constrained wp-block-group-is-layout-constrained\"><div class=\"wp-block-group__inner-container\">\n<p class=\"has-black-color has-text-color has-background has-link-color wp-elements-386007a5d2243a16c4b9c104114eeef4\" style=\"background-color:#d1d1d1\"><a href=\"https:\/\/milo.pet\/Blog\/2023\/09\/20\/podstawy-szkolenia-psa\/\" target=\"_blank\" rel=\"noreferrer noopener\"><strong>Zobacz:<\/strong> Podstawy szkolenia psa<\/a><\/p>\n<\/div><\/div>\n\n\n\n<h2 class=\"wp-block-heading\" id=\"h-duzy-szwajcarski-pies-pasterski-w-rodzinie-0\"><strong>Du\u017cy Szwajcarski Pies Pasterski w Rodzinie<\/strong><\/h2>\n\n\n\n<div style=\"height:35px\" aria-hidden=\"true\" class=\"wp-block-spacer\"><\/div>\n\n\n\n<figure class=\"wp-block-image size-large\"><img loading=\"lazy\" decoding=\"async\" width=\"1024\" height=\"683\" src=\"https:\/\/milo.pet\/Blog\/wp-content\/uploads\/2023\/12\/Untitled-design-2023-12-16T162800.027-1-1024x683.jpg\" alt=\"Doros\u0142y szwajcarski pies pasterski na tle drzew.\" class=\"wp-image-4129\" srcset=\"https:\/\/milo.pet\/Blog\/wp-content\/uploads\/2023\/12\/Untitled-design-2023-12-16T162800.027-1-1024x683.jpg 1024w, https:\/\/milo.pet\/Blog\/wp-content\/uploads\/2023\/12\/Untitled-design-2023-12-16T162800.027-1-300x200.jpg 300w, https:\/\/milo.pet\/Blog\/wp-content\/uploads\/2023\/12\/Untitled-design-2023-12-16T162800.027-1-768x512.jpg 768w, https:\/\/milo.pet\/Blog\/wp-content\/uploads\/2023\/12\/Untitled-design-2023-12-16T162800.027-1.jpg 1200w\" sizes=\"(max-width: 1024px) 100vw, 1024px\" \/><\/figure>\n\n\n\n<div style=\"height:35px\" aria-hidden=\"true\" class=\"wp-block-spacer\"><\/div>\n\n\n\n<ol class=\"wp-block-list\">\n<li><strong>Doskona\u0142y Towarzysz Dla Dzieci:<\/strong> Du\u017cy Szwajcarski Pies Pasterski jest znany ze swojej niezwyk\u0142ej cierpliwo\u015bci i \u0142agodno\u015bci, co czyni go idealnym towarzyszem dla dzieci. Jego stabilne i spokojne zachowanie sprawia, \u017ce jest bezpiecznym i zaufanym cz\u0142onkiem rodziny, zw\u0142aszcza w obecno\u015bci m\u0142odszych cz\u0142onk\u00f3w domu. Oczywi\u015bcie, jak w przypadku ka\u017cdej interakcji mi\u0119dzy psami a ma\u0142ymi dzie\u0107mi, nadz\u00f3r doros\u0142ych jest zawsze zalecany.<\/li>\n\n\n\n<li><strong>Aktywny Cz\u0142onek Rodziny:<\/strong> Ten pies uwielbia by\u0107 cz\u0119\u015bci\u0105 rodzinnych aktywno\u015bci. Czy to spacer, wycieczka czy po prostu zabawa w ogrodzie, Du\u017cy Szwajcarski Pies Pasterski ch\u0119tnie do\u0142\u0105czy do rodzinnych przedsi\u0119wzi\u0119\u0107. Jego potrzeby fizyczne nie s\u0105 nadmiernie du\u017ce, ale regularna aktywno\u015b\u0107 jest wa\u017cna dla jego zdrowia fizycznego i psychicznego.<\/li>\n\n\n\n<li><strong>Wymagania Przestrzenne:<\/strong> Z uwagi na swoje rozmiary, Du\u017cy Szwajcarski Pies Pasterski najlepiej czuje si\u0119 w domu z dost\u0119pem do bezpiecznego, ogrodzonego podw\u00f3rka. Chocia\u017c mog\u0105 dostosowa\u0107 si\u0119 do \u017cycia w mieszkaniu, wa\u017cne jest zapewnienie im odpowiedniej ilo\u015bci ruchu.<\/li>\n\n\n\n<li><strong>Integracja z Innymi Zwierz\u0119tami:<\/strong> Je\u015bli zostan\u0105 odpowiednio socjalizowane, Du\u017ce Szwajcarskie Psy Pasterskie mog\u0105 dobrze dogadywa\u0107 si\u0119 z innymi zwierz\u0119tami domowymi. Ich \u0142agodna natura sprawia, \u017ce rzadko s\u0105 agresywne, co u\u0142atwia wsp\u00f3\u0142istnienie z innymi psami czy kotami.<\/li>\n<\/ol>\n\n\n\n<div style=\"height:35px\" aria-hidden=\"true\" class=\"wp-block-spacer\"><\/div>\n\n\n\n<p>Du\u017cy Szwajcarski Pies Pasterski to wyj\u0105tkowa rasa, kt\u00f3ra wnosi do rodziny wi\u0119cej ni\u017c tylko swoje imponuj\u0105ce rozmiary. Z jego \u0142agodnym temperamentem, lojalno\u015bci\u0105 i niezwyk\u0142\u0105 zdolno\u015bci\u0105 do adaptacji, ten pies jest doskona\u0142ym towarzyszem dla os\u00f3b w r\u00f3\u017cnym wieku i z r\u00f3\u017cnymi stylami \u017cycia. Jego historia, zdrowie, potrzeby w zakresie piel\u0119gnacji, a przede wszystkim spos\u00f3b, w jaki wzbogaca \u017cycie rodzinne, czyni\u0105 go wyj\u0105tkowym wyborem dla tych, kt\u00f3rzy poszukuj\u0105 wiernego i wszechstronnego towarzysza.<\/p>\n\n\n\n<div style=\"height:38px\" aria-hidden=\"true\" class=\"wp-block-spacer\"><\/div>\n\n\n\n<p style=\"font-size:29px;font-style:normal;font-weight:700\">Cz\u0119sto zadawane pytania<\/p>\n\n\n\n<div style=\"height:37px\" aria-hidden=\"true\" class=\"wp-block-spacer\"><\/div>\n\n\n\n<h3 class=\"wp-block-heading\" id=\"h-czy-duzy-szwajcarski-pies-pasterski-dobrze-znosi-upaly\" style=\"font-style:normal;font-weight:600\">Czy Du\u017cy Szwajcarski Pies Pasterski dobrze znosi upa\u0142y?<\/h3>\n\n\n\n<div style=\"height:20px\" aria-hidden=\"true\" class=\"wp-block-spacer\"><\/div>\n\n\n\n<p>Nie najlepiej \u2013 rasa ta zosta\u0142a przystosowana do ch\u0142odnego, g\u00f3rskiego klimatu. W upalne dni nale\u017cy ograniczy\u0107 aktywno\u015b\u0107 fizyczn\u0105, zapewni\u0107 dost\u0119p do cienia i \u015bwie\u017cej wody oraz unika\u0107 spacer\u00f3w w najgor\u0119tszych porach dnia.<\/p>\n\n\n\n<div style=\"height:37px\" aria-hidden=\"true\" class=\"wp-block-spacer\"><\/div>\n\n\n\n<h3 class=\"wp-block-heading\" id=\"h-czy-ta-rasa-ma-tendencje-do-slinienia-sie\" style=\"font-style:normal;font-weight:600\">Czy ta rasa ma tendencj\u0119 do \u015blinienia si\u0119?<\/h3>\n\n\n\n<div style=\"height:20px\" aria-hidden=\"true\" class=\"wp-block-spacer\"><\/div>\n\n\n\n<p>W por\u00f3wnaniu z innymi du\u017cymi rasami, Du\u017cy Szwajcarski Pies Pasterski nie jest wyj\u0105tkowo \u015blini\u0105cy si\u0119. Jednak po jedzeniu, piciu lub wysi\u0142ku fizycznym mo\u017ce pojawi\u0107 si\u0119 niewielkie \u015blinienie.<\/p>\n\n\n\n<div style=\"height:37px\" aria-hidden=\"true\" class=\"wp-block-spacer\"><\/div>\n\n\n\n<h3 class=\"wp-block-heading\" id=\"h-jak-duzy-szwajcarski-pies-pasterski-reaguje-na-obcych\" style=\"font-style:normal;font-weight:600\">Jak Du\u017cy Szwajcarski Pies Pasterski reaguje na obcych?<\/h3>\n\n\n\n<div style=\"height:20px\" aria-hidden=\"true\" class=\"wp-block-spacer\"><\/div>\n\n\n\n<p>Zazwyczaj jest pow\u015bci\u0105gliwy i ostro\u017cny, ale nie agresywny. Dzi\u0119ki odpowiedniej socjalizacji mo\u017ce by\u0107 uprzejmy wobec go\u015bci, jednak jego instynkt str\u00f3\u017cuj\u0105cy sprawia, \u017ce nie od razu obdarza zaufaniem nieznajomych.<\/p>\n\n\n\n<div style=\"height:37px\" aria-hidden=\"true\" class=\"wp-block-spacer\"><\/div>\n\n\n\n<h3 class=\"wp-block-heading\" id=\"h-czy-nadaje-sie-do-pracy-terapeutycznej\" style=\"font-style:normal;font-weight:700\">Czy nadaje si\u0119 do pracy terapeutycznej?<\/h3>\n\n\n\n<div style=\"height:20px\" aria-hidden=\"true\" class=\"wp-block-spacer\"><\/div>\n\n\n\n<p>Z odpowiednim treningiem \u2013 tak. Dzi\u0119ki spokojnemu usposobieniu, du\u017cej cierpliwo\u015bci i silnej wi\u0119zi z opiekunem, niekt\u00f3re osobniki sprawdzaj\u0105 si\u0119 w roli ps\u00f3w wspomagaj\u0105cych terapi\u0119, szczeg\u00f3lnie w pracy z dzie\u0107mi i seniorami.<\/p>\n\n\n\n<div style=\"height:37px\" aria-hidden=\"true\" class=\"wp-block-spacer\"><\/div>\n\n\n\n<h3 class=\"wp-block-heading\" id=\"h-jak-znosi-halas-i-miejskie-otoczenie\" style=\"font-style:normal;font-weight:600\">Jak znosi ha\u0142as i miejskie otoczenie?<\/h3>\n\n\n\n<div style=\"height:20px\" aria-hidden=\"true\" class=\"wp-block-spacer\"><\/div>\n\n\n\n<p>Cho\u0107 lepiej czuje si\u0119 w spokojnym otoczeniu, dobrze zsocjalizowany pies mo\u017ce przystosowa\u0107 si\u0119 do \u017cycia w mie\u015bcie. Istotna jest stopniowa adaptacja do ha\u0142asu, ruchu ulicznego i t\u0142um\u00f3w, najlepiej od m\u0142odego wieku.<\/p>\n","protected":false},"excerpt":{"rendered":"<p>Du\u017cy Szwajcarski Pies Pasterski, znany r\u00f3wnie\u017c jako 'Grosser Schweizer Sennenhund&#8217;, jest ras\u0105, kt\u00f3ra zachwyca zar\u00f3wno swoj\u0105 imponuj\u0105c\u0105 postur\u0105, jak i \u0142agodnym temperamentem. Pochodz\u0105cy z Alp Szwajcarskich, ten majestatyczny pies pasterski od dawna jest ceniony za swoj\u0105 wszechstronno\u015b\u0107, si\u0142\u0119 i niezachwian\u0105 lojalno\u015b\u0107. W tym artykule przyjrzymy si\u0119 fascynuj\u0105cej historii tej rasy, oraz jej temperamentowi, kt\u00f3ry czyni &hellip;<\/p>\n<p class=\"read-more\"> <a class=\"\" href=\"https:\/\/milo.pet\/Blog\/duzy-szwajcarski-pies-pasterski\/\"> <span class=\"screen-reader-text\">Du\u017cy Szwajcarski Pies Pasterski<\/span> Read More &raquo;<\/a><\/p>\n","protected":false},"author":1,"featured_media":5955,"comment_status":"closed","ping_status":"open","sticky":false,"template":"","format":"standard","meta":{"_acf_changed":false,"_uag_custom_page_level_css":"","site-sidebar-layout":"default","site-content-layout":"","ast-site-content-layout":"default","site-content-style":"default","site-sidebar-style":"default","ast-global-header-display":"","ast-banner-title-visibility":"","ast-main-header-display":"","ast-hfb-above-header-display":"","ast-hfb-below-header-display":"","ast-hfb-mobile-header-display":"","site-post-title":"","ast-breadcrumbs-content":"","ast-featured-img":"","footer-sml-layout":"","theme-transparent-header-meta":"","adv-header-id-meta":"","stick-header-meta":"","header-above-stick-meta":"","header-main-stick-meta":"","header-below-stick-meta":"","astra-migrate-meta-layouts":"set","ast-page-background-enabled":"default","ast-page-background-meta":{"desktop":{"background-color":"var(--ast-global-color-4)","background-image":"","background-repeat":"repeat","background-position":"center center","background-size":"auto","background-attachment":"scroll","background-type":"","background-media":"","overlay-type":"","overlay-color":"","overlay-gradient":""},"tablet":{"background-color":"","background-image":"","background-repeat":"repeat","background-position":"center center","background-size":"auto","background-attachment":"scroll","background-type":"","background-media":"","overlay-type":"","overlay-color":"","overlay-gradient":""},"mobile":{"background-color":"","background-image":"","background-repeat":"repeat","background-position":"center center","background-size":"auto","background-attachment":"scroll","background-type":"","background-media":"","overlay-type":"","overlay-color":"","overlay-gradient":""}},"ast-content-background-meta":{"desktop":{"background-color":"var(--ast-global-color-5)","background-image":"","background-repeat":"repeat","background-position":"center center","background-size":"auto","background-attachment":"scroll","background-type":"","background-media":"","overlay-type":"","overlay-color":"","overlay-gradient":""},"tablet":{"background-color":"var(--ast-global-color-5)","background-image":"","background-repeat":"repeat","background-position":"center center","background-size":"auto","background-attachment":"scroll","background-type":"","background-media":"","overlay-type":"","overlay-color":"","overlay-gradient":""},"mobile":{"background-color":"var(--ast-global-color-5)","background-image":"","background-repeat":"repeat","background-position":"center center","background-size":"auto","background-attachment":"scroll","background-type":"","background-media":"","overlay-type":"","overlay-color":"","overlay-gradient":""}},"footnotes":""},"categories":[42,46],"tags":[],"class_list":["post-4120","post","type-post","status-publish","format-standard","has-post-thumbnail","hentry","category-rasy-psow","category-rasy-zwierzat"],"acf":[],"yoast_head":"<!-- This site is optimized with the Yoast SEO Premium plugin v24.6 (Yoast SEO v24.6) - https:\/\/yoast.com\/wordpress\/plugins\/seo\/ -->\n<title>Du\u017cy Szwajcarski Pies Pasterski - Opis rasy<\/title>\n<meta name=\"description\" content=\"Du\u017cy Szwajcarski Pies Pasterski to silny, zr\u00f3wnowa\u017cony i oddany towarzysz. Poznaj jego charakter, histori\u0119 i potrzeby opieku\u0144cze.\" \/>\n<meta name=\"robots\" content=\"index, follow, max-snippet:-1, max-image-preview:large, max-video-preview:-1\" \/>\n<link rel=\"canonical\" href=\"https:\/\/milo.pet\/Blog\/duzy-szwajcarski-pies-pasterski\/\" \/>\n<meta property=\"og:locale\" content=\"pl_PL\" \/>\n<meta property=\"og:type\" content=\"article\" \/>\n<meta property=\"og:title\" content=\"Du\u017cy Szwajcarski Pies Pasterski\" \/>\n<meta property=\"og:description\" content=\"Du\u017cy Szwajcarski Pies Pasterski to silny, zr\u00f3wnowa\u017cony i oddany towarzysz. Poznaj jego charakter, histori\u0119 i potrzeby opieku\u0144cze.\" \/>\n<meta property=\"og:url\" content=\"https:\/\/milo.pet\/Blog\/duzy-szwajcarski-pies-pasterski\/\" \/>\n<meta property=\"og:site_name\" content=\"Milo.pet\" \/>\n<meta property=\"article:published_time\" content=\"2023-12-16T15:07:59+00:00\" \/>\n<meta property=\"article:modified_time\" content=\"2025-05-08T13:58:48+00:00\" \/>\n<meta property=\"og:image\" content=\"https:\/\/milo.pet\/Blog\/wp-content\/uploads\/2023\/12\/duzy-szwarcjarski-pies-pasterski.webp\" \/>\n\t<meta property=\"og:image:width\" content=\"2100\" \/>\n\t<meta property=\"og:image:height\" content=\"1360\" \/>\n\t<meta property=\"og:image:type\" content=\"image\/webp\" \/>\n<meta name=\"author\" content=\"Patrycja Nowak\" \/>\n<meta name=\"twitter:card\" content=\"summary_large_image\" \/>\n<meta name=\"twitter:label1\" content=\"Written by\" \/>\n\t<meta name=\"twitter:data1\" content=\"Patrycja Nowak\" \/>\n\t<meta name=\"twitter:label2\" content=\"Est. reading time\" \/>\n\t<meta name=\"twitter:data2\" content=\"19 minut\" \/>\n<script type=\"application\/ld+json\" class=\"yoast-schema-graph\">{\"@context\":\"https:\/\/schema.org\",\"@graph\":[{\"@type\":\"Article\",\"@id\":\"https:\/\/milo.pet\/Blog\/duzy-szwajcarski-pies-pasterski\/#article\",\"isPartOf\":{\"@id\":\"https:\/\/milo.pet\/Blog\/duzy-szwajcarski-pies-pasterski\/\"},\"author\":{\"name\":\"Patrycja Nowak\",\"@id\":\"https:\/\/milo.pet\/Blog\/#\/schema\/person\/17bcd931b79f17d8453b85991012a6a3\"},\"headline\":\"Du\u017cy Szwajcarski Pies Pasterski\",\"datePublished\":\"2023-12-16T15:07:59+00:00\",\"dateModified\":\"2025-05-08T13:58:48+00:00\",\"mainEntityOfPage\":{\"@id\":\"https:\/\/milo.pet\/Blog\/duzy-szwajcarski-pies-pasterski\/\"},\"wordCount\":3236,\"publisher\":{\"@id\":\"https:\/\/milo.pet\/Blog\/#organization\"},\"image\":{\"@id\":\"https:\/\/milo.pet\/Blog\/duzy-szwajcarski-pies-pasterski\/#primaryimage\"},\"thumbnailUrl\":\"https:\/\/milo.pet\/Blog\/wp-content\/uploads\/2023\/12\/duzy-szwarcjarski-pies-pasterski.webp\",\"articleSection\":[\"Rasy ps\u00f3w\",\"Rasy zwierz\u0105t\"],\"inLanguage\":\"pl-PL\"},{\"@type\":\"WebPage\",\"@id\":\"https:\/\/milo.pet\/Blog\/duzy-szwajcarski-pies-pasterski\/\",\"url\":\"https:\/\/milo.pet\/Blog\/duzy-szwajcarski-pies-pasterski\/\",\"name\":\"Du\u017cy Szwajcarski Pies Pasterski - Opis rasy\",\"isPartOf\":{\"@id\":\"https:\/\/milo.pet\/Blog\/#website\"},\"primaryImageOfPage\":{\"@id\":\"https:\/\/milo.pet\/Blog\/duzy-szwajcarski-pies-pasterski\/#primaryimage\"},\"image\":{\"@id\":\"https:\/\/milo.pet\/Blog\/duzy-szwajcarski-pies-pasterski\/#primaryimage\"},\"thumbnailUrl\":\"https:\/\/milo.pet\/Blog\/wp-content\/uploads\/2023\/12\/duzy-szwarcjarski-pies-pasterski.webp\",\"datePublished\":\"2023-12-16T15:07:59+00:00\",\"dateModified\":\"2025-05-08T13:58:48+00:00\",\"description\":\"Du\u017cy Szwajcarski Pies Pasterski to silny, zr\u00f3wnowa\u017cony i oddany towarzysz. Poznaj jego charakter, histori\u0119 i potrzeby opieku\u0144cze.\",\"breadcrumb\":{\"@id\":\"https:\/\/milo.pet\/Blog\/duzy-szwajcarski-pies-pasterski\/#breadcrumb\"},\"inLanguage\":\"pl-PL\",\"potentialAction\":[{\"@type\":\"ReadAction\",\"target\":[\"https:\/\/milo.pet\/Blog\/duzy-szwajcarski-pies-pasterski\/\"]}]},{\"@type\":\"ImageObject\",\"inLanguage\":\"pl-PL\",\"@id\":\"https:\/\/milo.pet\/Blog\/duzy-szwajcarski-pies-pasterski\/#primaryimage\",\"url\":\"https:\/\/milo.pet\/Blog\/wp-content\/uploads\/2023\/12\/duzy-szwarcjarski-pies-pasterski.webp\",\"contentUrl\":\"https:\/\/milo.pet\/Blog\/wp-content\/uploads\/2023\/12\/duzy-szwarcjarski-pies-pasterski.webp\",\"width\":2100,\"height\":1360,\"caption\":\"Du\u017cy szwajcarski pies pasterski\"},{\"@type\":\"BreadcrumbList\",\"@id\":\"https:\/\/milo.pet\/Blog\/duzy-szwajcarski-pies-pasterski\/#breadcrumb\",\"itemListElement\":[{\"@type\":\"ListItem\",\"position\":1,\"name\":\"Home\",\"item\":\"https:\/\/milo.pet\/Blog\/\"},{\"@type\":\"ListItem\",\"position\":2,\"name\":\"Du\u017cy Szwajcarski Pies Pasterski\"}]},{\"@type\":\"WebSite\",\"@id\":\"https:\/\/milo.pet\/Blog\/#website\",\"url\":\"https:\/\/milo.pet\/Blog\/\",\"name\":\"Milo.pet\",\"description\":\"Blog\",\"publisher\":{\"@id\":\"https:\/\/milo.pet\/Blog\/#organization\"},\"potentialAction\":[{\"@type\":\"SearchAction\",\"target\":{\"@type\":\"EntryPoint\",\"urlTemplate\":\"https:\/\/milo.pet\/Blog\/?s={search_term_string}\"},\"query-input\":{\"@type\":\"PropertyValueSpecification\",\"valueRequired\":true,\"valueName\":\"search_term_string\"}}],\"inLanguage\":\"pl-PL\"},{\"@type\":\"Organization\",\"@id\":\"https:\/\/milo.pet\/Blog\/#organization\",\"name\":\"Milo.pet\",\"url\":\"https:\/\/milo.pet\/Blog\/\",\"logo\":{\"@type\":\"ImageObject\",\"inLanguage\":\"pl-PL\",\"@id\":\"https:\/\/milo.pet\/Blog\/#\/schema\/logo\/image\/\",\"url\":\"https:\/\/milo.pet\/Blog\/wp-content\/uploads\/2023\/09\/cropped-MiloPET-logo-1.png\",\"contentUrl\":\"https:\/\/milo.pet\/Blog\/wp-content\/uploads\/2023\/09\/cropped-MiloPET-logo-1.png\",\"width\":1998,\"height\":1419,\"caption\":\"Milo.pet\"},\"image\":{\"@id\":\"https:\/\/milo.pet\/Blog\/#\/schema\/logo\/image\/\"}},{\"@type\":\"Person\",\"@id\":\"https:\/\/milo.pet\/Blog\/#\/schema\/person\/17bcd931b79f17d8453b85991012a6a3\",\"name\":\"Patrycja Nowak\",\"image\":{\"@type\":\"ImageObject\",\"inLanguage\":\"pl-PL\",\"@id\":\"https:\/\/milo.pet\/Blog\/#\/schema\/person\/image\/\",\"url\":\"https:\/\/secure.gravatar.com\/avatar\/51d419d7a5a1cfc8e9054fcccb2678a105d0cb73af4acbf6a99ad9e72a6ba9a3?s=96&d=mm&r=g\",\"contentUrl\":\"https:\/\/secure.gravatar.com\/avatar\/51d419d7a5a1cfc8e9054fcccb2678a105d0cb73af4acbf6a99ad9e72a6ba9a3?s=96&d=mm&r=g\",\"caption\":\"Patrycja Nowak\"},\"description\":\"Trenerka ps\u00f3w. Pomagam opiekunom zrozumie\u0107 potrzeby ich pupili, buduj\u0105c harmonijn\u0105 relacj\u0119 opart\u0105 na zaufaniu i pozytywnym wzmocnieniu.\",\"sameAs\":[\"http:\/\/milo.pet\/Blog\"],\"url\":\"https:\/\/milo.pet\/Blog\/author\/arpok\/\"}]}<\/script>\n<!-- \/ Yoast SEO Premium plugin. -->","yoast_head_json":{"title":"Du\u017cy Szwajcarski Pies Pasterski - Opis rasy","description":"Du\u017cy Szwajcarski Pies Pasterski to silny, zr\u00f3wnowa\u017cony i oddany towarzysz. Poznaj jego charakter, histori\u0119 i potrzeby opieku\u0144cze.","robots":{"index":"index","follow":"follow","max-snippet":"max-snippet:-1","max-image-preview":"max-image-preview:large","max-video-preview":"max-video-preview:-1"},"canonical":"https:\/\/milo.pet\/Blog\/duzy-szwajcarski-pies-pasterski\/","og_locale":"pl_PL","og_type":"article","og_title":"Du\u017cy Szwajcarski Pies Pasterski","og_description":"Du\u017cy Szwajcarski Pies Pasterski to silny, zr\u00f3wnowa\u017cony i oddany towarzysz. Poznaj jego charakter, histori\u0119 i potrzeby opieku\u0144cze.","og_url":"https:\/\/milo.pet\/Blog\/duzy-szwajcarski-pies-pasterski\/","og_site_name":"Milo.pet","article_published_time":"2023-12-16T15:07:59+00:00","article_modified_time":"2025-05-08T13:58:48+00:00","og_image":[{"width":2100,"height":1360,"url":"https:\/\/milo.pet\/Blog\/wp-content\/uploads\/2023\/12\/duzy-szwarcjarski-pies-pasterski.webp","type":"image\/webp"}],"author":"Patrycja Nowak","twitter_card":"summary_large_image","twitter_misc":{"Written by":"Patrycja Nowak","Est. reading time":"19 minut"},"schema":{"@context":"https:\/\/schema.org","@graph":[{"@type":"Article","@id":"https:\/\/milo.pet\/Blog\/duzy-szwajcarski-pies-pasterski\/#article","isPartOf":{"@id":"https:\/\/milo.pet\/Blog\/duzy-szwajcarski-pies-pasterski\/"},"author":{"name":"Patrycja Nowak","@id":"https:\/\/milo.pet\/Blog\/#\/schema\/person\/17bcd931b79f17d8453b85991012a6a3"},"headline":"Du\u017cy Szwajcarski Pies Pasterski","datePublished":"2023-12-16T15:07:59+00:00","dateModified":"2025-05-08T13:58:48+00:00","mainEntityOfPage":{"@id":"https:\/\/milo.pet\/Blog\/duzy-szwajcarski-pies-pasterski\/"},"wordCount":3236,"publisher":{"@id":"https:\/\/milo.pet\/Blog\/#organization"},"image":{"@id":"https:\/\/milo.pet\/Blog\/duzy-szwajcarski-pies-pasterski\/#primaryimage"},"thumbnailUrl":"https:\/\/milo.pet\/Blog\/wp-content\/uploads\/2023\/12\/duzy-szwarcjarski-pies-pasterski.webp","articleSection":["Rasy ps\u00f3w","Rasy zwierz\u0105t"],"inLanguage":"pl-PL"},{"@type":"WebPage","@id":"https:\/\/milo.pet\/Blog\/duzy-szwajcarski-pies-pasterski\/","url":"https:\/\/milo.pet\/Blog\/duzy-szwajcarski-pies-pasterski\/","name":"Du\u017cy Szwajcarski Pies Pasterski - Opis rasy","isPartOf":{"@id":"https:\/\/milo.pet\/Blog\/#website"},"primaryImageOfPage":{"@id":"https:\/\/milo.pet\/Blog\/duzy-szwajcarski-pies-pasterski\/#primaryimage"},"image":{"@id":"https:\/\/milo.pet\/Blog\/duzy-szwajcarski-pies-pasterski\/#primaryimage"},"thumbnailUrl":"https:\/\/milo.pet\/Blog\/wp-content\/uploads\/2023\/12\/duzy-szwarcjarski-pies-pasterski.webp","datePublished":"2023-12-16T15:07:59+00:00","dateModified":"2025-05-08T13:58:48+00:00","description":"Du\u017cy Szwajcarski Pies Pasterski to silny, zr\u00f3wnowa\u017cony i oddany towarzysz. Poznaj jego charakter, histori\u0119 i potrzeby opieku\u0144cze.","breadcrumb":{"@id":"https:\/\/milo.pet\/Blog\/duzy-szwajcarski-pies-pasterski\/#breadcrumb"},"inLanguage":"pl-PL","potentialAction":[{"@type":"ReadAction","target":["https:\/\/milo.pet\/Blog\/duzy-szwajcarski-pies-pasterski\/"]}]},{"@type":"ImageObject","inLanguage":"pl-PL","@id":"https:\/\/milo.pet\/Blog\/duzy-szwajcarski-pies-pasterski\/#primaryimage","url":"https:\/\/milo.pet\/Blog\/wp-content\/uploads\/2023\/12\/duzy-szwarcjarski-pies-pasterski.webp","contentUrl":"https:\/\/milo.pet\/Blog\/wp-content\/uploads\/2023\/12\/duzy-szwarcjarski-pies-pasterski.webp","width":2100,"height":1360,"caption":"Du\u017cy szwajcarski pies pasterski"},{"@type":"BreadcrumbList","@id":"https:\/\/milo.pet\/Blog\/duzy-szwajcarski-pies-pasterski\/#breadcrumb","itemListElement":[{"@type":"ListItem","position":1,"name":"Home","item":"https:\/\/milo.pet\/Blog\/"},{"@type":"ListItem","position":2,"name":"Du\u017cy Szwajcarski Pies Pasterski"}]},{"@type":"WebSite","@id":"https:\/\/milo.pet\/Blog\/#website","url":"https:\/\/milo.pet\/Blog\/","name":"Milo.pet","description":"Blog","publisher":{"@id":"https:\/\/milo.pet\/Blog\/#organization"},"potentialAction":[{"@type":"SearchAction","target":{"@type":"EntryPoint","urlTemplate":"https:\/\/milo.pet\/Blog\/?s={search_term_string}"},"query-input":{"@type":"PropertyValueSpecification","valueRequired":true,"valueName":"search_term_string"}}],"inLanguage":"pl-PL"},{"@type":"Organization","@id":"https:\/\/milo.pet\/Blog\/#organization","name":"Milo.pet","url":"https:\/\/milo.pet\/Blog\/","logo":{"@type":"ImageObject","inLanguage":"pl-PL","@id":"https:\/\/milo.pet\/Blog\/#\/schema\/logo\/image\/","url":"https:\/\/milo.pet\/Blog\/wp-content\/uploads\/2023\/09\/cropped-MiloPET-logo-1.png","contentUrl":"https:\/\/milo.pet\/Blog\/wp-content\/uploads\/2023\/09\/cropped-MiloPET-logo-1.png","width":1998,"height":1419,"caption":"Milo.pet"},"image":{"@id":"https:\/\/milo.pet\/Blog\/#\/schema\/logo\/image\/"}},{"@type":"Person","@id":"https:\/\/milo.pet\/Blog\/#\/schema\/person\/17bcd931b79f17d8453b85991012a6a3","name":"Patrycja Nowak","image":{"@type":"ImageObject","inLanguage":"pl-PL","@id":"https:\/\/milo.pet\/Blog\/#\/schema\/person\/image\/","url":"https:\/\/secure.gravatar.com\/avatar\/51d419d7a5a1cfc8e9054fcccb2678a105d0cb73af4acbf6a99ad9e72a6ba9a3?s=96&d=mm&r=g","contentUrl":"https:\/\/secure.gravatar.com\/avatar\/51d419d7a5a1cfc8e9054fcccb2678a105d0cb73af4acbf6a99ad9e72a6ba9a3?s=96&d=mm&r=g","caption":"Patrycja Nowak"},"description":"Trenerka ps\u00f3w. Pomagam opiekunom zrozumie\u0107 potrzeby ich pupili, buduj\u0105c harmonijn\u0105 relacj\u0119 opart\u0105 na zaufaniu i pozytywnym wzmocnieniu.","sameAs":["http:\/\/milo.pet\/Blog"],"url":"https:\/\/milo.pet\/Blog\/author\/arpok\/"}]}},"uagb_featured_image_src":{"full":["https:\/\/milo.pet\/Blog\/wp-content\/uploads\/2023\/12\/duzy-szwarcjarski-pies-pasterski.webp",2100,1360,false],"thumbnail":["https:\/\/milo.pet\/Blog\/wp-content\/uploads\/2023\/12\/duzy-szwarcjarski-pies-pasterski-150x150.webp",150,150,true],"medium":["https:\/\/milo.pet\/Blog\/wp-content\/uploads\/2023\/12\/duzy-szwarcjarski-pies-pasterski-300x194.webp",300,194,true],"medium_large":["https:\/\/milo.pet\/Blog\/wp-content\/uploads\/2023\/12\/duzy-szwarcjarski-pies-pasterski-768x497.webp",768,497,true],"large":["https:\/\/milo.pet\/Blog\/wp-content\/uploads\/2023\/12\/duzy-szwarcjarski-pies-pasterski-1024x663.webp",1024,663,true],"1536x1536":["https:\/\/milo.pet\/Blog\/wp-content\/uploads\/2023\/12\/duzy-szwarcjarski-pies-pasterski-1536x995.webp",1536,995,true],"2048x2048":["https:\/\/milo.pet\/Blog\/wp-content\/uploads\/2023\/12\/duzy-szwarcjarski-pies-pasterski-2048x1326.webp",2048,1326,true]},"uagb_author_info":{"display_name":"Patrycja Nowak","author_link":"https:\/\/milo.pet\/Blog\/author\/arpok\/"},"uagb_comment_info":0,"uagb_excerpt":"Du\u017cy Szwajcarski Pies Pasterski, znany r\u00f3wnie\u017c jako 'Grosser Schweizer Sennenhund&#8217;, jest ras\u0105, kt\u00f3ra zachwyca zar\u00f3wno swoj\u0105 imponuj\u0105c\u0105 postur\u0105, jak i \u0142agodnym temperamentem. Pochodz\u0105cy z Alp Szwajcarskich, ten majestatyczny pies pasterski od dawna jest ceniony za swoj\u0105 wszechstronno\u015b\u0107, si\u0142\u0119 i niezachwian\u0105 lojalno\u015b\u0107. W tym artykule przyjrzymy si\u0119 fascynuj\u0105cej historii tej rasy, oraz jej temperamentowi, kt\u00f3ry czyni&hellip;","_links":{"self":[{"href":"https:\/\/milo.pet\/Blog\/wp-json\/wp\/v2\/posts\/4120","targetHints":{"allow":["GET"]}}],"collection":[{"href":"https:\/\/milo.pet\/Blog\/wp-json\/wp\/v2\/posts"}],"about":[{"href":"https:\/\/milo.pet\/Blog\/wp-json\/wp\/v2\/types\/post"}],"author":[{"embeddable":true,"href":"https:\/\/milo.pet\/Blog\/wp-json\/wp\/v2\/users\/1"}],"replies":[{"embeddable":true,"href":"https:\/\/milo.pet\/Blog\/wp-json\/wp\/v2\/comments?post=4120"}],"version-history":[{"count":7,"href":"https:\/\/milo.pet\/Blog\/wp-json\/wp\/v2\/posts\/4120\/revisions"}],"predecessor-version":[{"id":6761,"href":"https:\/\/milo.pet\/Blog\/wp-json\/wp\/v2\/posts\/4120\/revisions\/6761"}],"wp:featuredmedia":[{"embeddable":true,"href":"https:\/\/milo.pet\/Blog\/wp-json\/wp\/v2\/media\/5955"}],"wp:attachment":[{"href":"https:\/\/milo.pet\/Blog\/wp-json\/wp\/v2\/media?parent=4120"}],"wp:term":[{"taxonomy":"category","embeddable":true,"href":"https:\/\/milo.pet\/Blog\/wp-json\/wp\/v2\/categories?post=4120"},{"taxonomy":"post_tag","embeddable":true,"href":"https:\/\/milo.pet\/Blog\/wp-json\/wp\/v2\/tags?post=4120"}],"curies":[{"name":"wp","href":"https:\/\/api.w.org\/{rel}","templated":true}]}}