{"id":4378,"date":"2024-01-09T18:08:14","date_gmt":"2024-01-09T18:08:14","guid":{"rendered":"https:\/\/milo.pet\/Blog\/?p=4378"},"modified":"2025-05-08T12:04:50","modified_gmt":"2025-05-08T12:04:50","slug":"pirenejski-pies-gorski","status":"publish","type":"post","link":"https:\/\/milo.pet\/Blog\/pirenejski-pies-gorski\/","title":{"rendered":"Pirenejski Pies G\u00f3rski"},"content":{"rendered":"\n<p>Pirenejski Pies G\u00f3rski, znany ze swojej si\u0142y i oddania, jest interesuj\u0105c\u0105 ras\u0105, kt\u00f3ra zas\u0142uguje na bli\u017csze poznanie. W tym artykule przybli\u017cymy histori\u0119 tej rasy, jej g\u0142\u00f3wne cechy oraz rol\u0119, jak\u0105 odgrywa w \u017cyciu swoich w\u0142a\u015bcicieli. Skupimy si\u0119 na tym, jak Pirenejski Pies G\u00f3rski dostosowa\u0142 si\u0119 do r\u00f3\u017cnych \u015brodowisk, od surowych g\u00f3rskich teren\u00f3w po domowe otoczenie, oraz na tym, co sprawia, \u017ce jest to wyj\u0105tkowy wyb\u00f3r dla poszukuj\u0105cych wiernego i odwa\u017cnego psa.<\/p>\n\n\n\n<div style=\"height:35px\" aria-hidden=\"true\" class=\"wp-block-spacer\"><\/div>\n\n\n\n<h2 class=\"wp-block-heading\" id=\"h-historia-i-pochodzenie\"><strong>Historia i Pochodzenie<\/strong><\/h2>\n\n\n\n<div style=\"height:35px\" aria-hidden=\"true\" class=\"wp-block-spacer\"><\/div>\n\n\n\n<figure class=\"wp-block-image size-large\"><img fetchpriority=\"high\" decoding=\"async\" width=\"1024\" height=\"683\" src=\"https:\/\/milo.pet\/Blog\/wp-content\/uploads\/2024\/01\/Untitled-design-86-1-1024x683.jpg\" alt=\"Du\u017cy bia\u0142y pies pasterski z puszystym futrem, le\u017c\u0105cy na trawie, z obro\u017c\u0105 i medalionem.\" class=\"wp-image-4382\" srcset=\"https:\/\/milo.pet\/Blog\/wp-content\/uploads\/2024\/01\/Untitled-design-86-1-1024x683.jpg 1024w, https:\/\/milo.pet\/Blog\/wp-content\/uploads\/2024\/01\/Untitled-design-86-1-300x200.jpg 300w, https:\/\/milo.pet\/Blog\/wp-content\/uploads\/2024\/01\/Untitled-design-86-1-768x512.jpg 768w, https:\/\/milo.pet\/Blog\/wp-content\/uploads\/2024\/01\/Untitled-design-86-1.jpg 1200w\" sizes=\"(max-width: 1024px) 100vw, 1024px\" \/><\/figure>\n\n\n\n<div style=\"height:35px\" aria-hidden=\"true\" class=\"wp-block-spacer\"><\/div>\n\n\n\n<ol class=\"wp-block-list\">\n<li><strong>Pocz\u0105tki w G\u00f3rach Pirenejskich:<\/strong> Historia Pirenejskiego Psa G\u00f3rskiego si\u0119ga wiek\u00f3w wstecz, zwi\u0105zana z surowymi g\u00f3rskimi terenami Pirenej\u00f3w, kt\u00f3re oddzielaj\u0105 Francj\u0119 i Hiszpani\u0119. Psy te, cenione przez pasterzy, by\u0142y wykorzystywane do strze\u017cenia owiec przed drapie\u017cnikami, wykazuj\u0105c si\u0119 imponuj\u0105c\u0105 wielko\u015bci\u0105, si\u0142\u0105 i instynktem obronnym.<\/li>\n\n\n\n<li><strong>Wzrost Popularno\u015bci poza Pirenejami:<\/strong> W XVII wieku rasa ta zyska\u0142a popularno\u015b\u0107 poza terenami wiejskimi, staj\u0105c si\u0119 cenionym psem str\u00f3\u017cuj\u0105cym na dworach i w domach szlacheckich w ca\u0142ej Europie. Elegancja i szlachetny wygl\u0105d Pirenejskiego Psa G\u00f3rskiego sprawi\u0142y, \u017ce sta\u0142 si\u0119 on po\u017c\u0105danym towarzyszem w\u015br\u00f3d arystokracji.<\/li>\n\n\n\n<li><strong>Zmniejszenie Populacji i Odrodzenie Rasy:<\/strong> W XIX wieku nast\u0105pi\u0142 spadek zainteresowania ras\u0105, co doprowadzi\u0142o do zmniejszenia jej populacji. Dzi\u0119ki wysi\u0142kom hodowc\u00f3w i entuzjast\u00f3w, kt\u00f3rzy doceniali unikalne cechy Pirenejskiego Psa G\u00f3rskiego, rasa ta zosta\u0142a ocalona od zapomnienia i zacz\u0119\u0142a ponownie zyskiwa\u0107 na popularno\u015bci.<\/li>\n\n\n\n<li><strong>Dziedzictwo i Wsp\u00f3\u0142czesno\u015b\u0107:<\/strong> Wsp\u00f3\u0142czesne Pirenejskie Psy G\u00f3rskie zachowa\u0142y wiele z cech swoich przodk\u00f3w, w tym si\u0142\u0119, odwag\u0119 i lojalno\u015b\u0107. S\u0105 cenione zar\u00f3wno za ich zdolno\u015bci str\u00f3\u017cuj\u0105ce, jak i za ich \u0142agodny i przyjacielski charakter, co sprawia, \u017ce s\u0105 doskona\u0142ymi towarzyszami zar\u00f3wno w pracy, jak i w domu.<\/li>\n<\/ol>\n\n\n\n<div class=\"wp-block-group is-layout-constrained wp-block-group-is-layout-constrained\"><div class=\"wp-block-group__inner-container\">\n<p class=\"has-black-color has-text-color has-background has-link-color wp-elements-df40dfec9364919121978634b5666bce\" style=\"background-color:#d1d1d1\"><a href=\"https:\/\/milo.pet\/Blog\/2023\/09\/19\/wybor-hodowli\/\" target=\"_blank\" rel=\"noreferrer noopener\"><strong>Zobacz:<\/strong> Na co zwraca\u0107 uwag\u0119 przy wyborze hodowli ps\u00f3w?<\/a><\/p>\n<\/div><\/div>\n\n\n\n<h2 class=\"wp-block-heading\" id=\"h-temperament\"><strong>Temperament<\/strong><\/h2>\n\n\n\n<div style=\"height:35px\" aria-hidden=\"true\" class=\"wp-block-spacer\"><\/div>\n\n\n\n<figure class=\"wp-block-image size-large\"><img decoding=\"async\" width=\"1024\" height=\"683\" src=\"https:\/\/milo.pet\/Blog\/wp-content\/uploads\/2024\/01\/Untitled-design-88-1-1024x683.jpg\" alt=\"Pirenejski pies g\u00f3rski z bia\u0142\u0105, puszyst\u0105 sier\u015bci\u0105 i zamkni\u0119tymi oczami, u\u015bmiechni\u0119ty i zrelaksowany.\" class=\"wp-image-4384\" srcset=\"https:\/\/milo.pet\/Blog\/wp-content\/uploads\/2024\/01\/Untitled-design-88-1-1024x683.jpg 1024w, https:\/\/milo.pet\/Blog\/wp-content\/uploads\/2024\/01\/Untitled-design-88-1-300x200.jpg 300w, https:\/\/milo.pet\/Blog\/wp-content\/uploads\/2024\/01\/Untitled-design-88-1-768x512.jpg 768w, https:\/\/milo.pet\/Blog\/wp-content\/uploads\/2024\/01\/Untitled-design-88-1.jpg 1200w\" sizes=\"(max-width: 1024px) 100vw, 1024px\" \/><\/figure>\n\n\n\n<div style=\"height:35px\" aria-hidden=\"true\" class=\"wp-block-spacer\"><\/div>\n\n\n\n<ol class=\"wp-block-list\">\n<li><strong>Lojalno\u015b\u0107 i Ochrona<\/strong>: Pirenejskie Psy G\u00f3rskie s\u0105 znane ze swojej g\u0142\u0119bokiej lojalno\u015bci wobec w\u0142a\u015bcicieli i rodziny. Maj\u0105 naturalny instynkt ochronny, kt\u00f3ry sprawia, \u017ce s\u0105 doskona\u0142ymi psami str\u00f3\u017cuj\u0105cymi. Ich zachowanie ochronne nie wynika z agresji, lecz raczej z ch\u0119ci obrony swojego terytorium i bliskich.<\/li>\n\n\n\n<li><strong>Spok\u00f3j i Niezale\u017cno\u015b\u0107<\/strong>: Te psy charakteryzuj\u0105 si\u0119 spokojnym i zr\u00f3wnowa\u017conym temperamentem. S\u0105 cierpliwe i cz\u0119sto wykazuj\u0105 niezale\u017cno\u015b\u0107 w swoich dzia\u0142aniach. Ich niezale\u017cno\u015b\u0107 mo\u017ce czasami by\u0107 odbierana jako uparto\u015b\u0107, dlatego wa\u017cne jest odpowiednie szkolenie i wczesna socjalizacja.<\/li>\n\n\n\n<li><strong>Przyjazno\u015b\u0107 i \u0141agodno\u015b\u0107:<\/strong> Mimo swoich imponuj\u0105cych rozmiar\u00f3w, Pirenejskie Psy G\u00f3rskie s\u0105 cz\u0119sto \u0142agodne i przyjacielskie, zar\u00f3wno wobec cz\u0142onk\u00f3w rodziny, jak i obcych. Lubi\u0105 towarzystwo i dobrze dogaduj\u0105 si\u0119 z dzie\u0107mi, co czyni je dobrym wyborem dla rodzin.<\/li>\n\n\n\n<li><strong>Potrzeby Aktywno\u015bci i Zabawy<\/strong>: Chocia\u017c s\u0105 to psy o stosunkowo spokojnym charakterze, wymagaj\u0105 one regularnej aktywno\u015bci fizycznej i umys\u0142owej. D\u0142ugie spacery, zabawy na \u015bwie\u017cym powietrzu oraz treningi umys\u0142owe pomagaj\u0105 w utrzymaniu ich dobrej kondycji fizycznej i psychicznej.<\/li>\n<\/ol>\n\n\n\n<div class=\"wp-block-group is-layout-constrained wp-block-group-is-layout-constrained\"><div class=\"wp-block-group__inner-container\">\n<p class=\"has-black-color has-text-color has-background has-link-color wp-elements-b734fed6f3356ce3e7a4e7bb2a1147b0\" style=\"background-color:#d1d1d1\"><a href=\"https:\/\/milo.pet\/Blog\/2023\/09\/21\/socjalizacja-psa-jak-zrobic-to-dobrze\/\" target=\"_blank\" rel=\"noreferrer noopener\"><strong>Zobacz:<\/strong> Socjalizacja psa, jak robi\u0107 to dobrze.<\/a><\/p>\n<\/div><\/div>\n\n\n\n<h2 class=\"wp-block-heading\" id=\"h-zdrowie-i-pielegnacja\"><strong>Zdrowie i Piel\u0119gnacja<\/strong><\/h2>\n\n\n\n<div style=\"height:35px\" aria-hidden=\"true\" class=\"wp-block-spacer\"><\/div>\n\n\n\n<figure class=\"wp-block-gallery has-nested-images columns-default is-cropped wp-block-gallery-1 is-layout-flex wp-block-gallery-is-layout-flex\">\n<figure class=\"wp-block-image size-large\"><img decoding=\"async\" width=\"1024\" height=\"683\" data-id=\"4385\" src=\"https:\/\/milo.pet\/Blog\/wp-content\/uploads\/2024\/01\/Untitled-design-89-1-1024x683.jpg\" alt=\"Pirenejski pies g\u00f3rski, bia\u0142y z d\u0142ug\u0105, puszyst\u0105 sier\u015bci\u0105, z szerokim, radosnym u\u015bmiechem, patrz\u0105cy w g\u00f3r\u0119 i siedz\u0105cy na trawniku.\" class=\"wp-image-4385\" srcset=\"https:\/\/milo.pet\/Blog\/wp-content\/uploads\/2024\/01\/Untitled-design-89-1-1024x683.jpg 1024w, https:\/\/milo.pet\/Blog\/wp-content\/uploads\/2024\/01\/Untitled-design-89-1-300x200.jpg 300w, https:\/\/milo.pet\/Blog\/wp-content\/uploads\/2024\/01\/Untitled-design-89-1-768x512.jpg 768w, https:\/\/milo.pet\/Blog\/wp-content\/uploads\/2024\/01\/Untitled-design-89-1.jpg 1200w\" sizes=\"(max-width: 1024px) 100vw, 1024px\" \/><\/figure>\n<\/figure>\n\n\n\n<div style=\"height:35px\" aria-hidden=\"true\" class=\"wp-block-spacer\"><\/div>\n\n\n\n<h3 class=\"wp-block-heading\" id=\"h-zdrowie\"><strong>Zdrowie:<\/strong><\/h3>\n\n\n\n<div style=\"height:35px\" aria-hidden=\"true\" class=\"wp-block-spacer\"><\/div>\n\n\n\n<ol class=\"wp-block-list\">\n<li><strong>D\u0142ugowieczno\u015b\u0107 i Og\u00f3lne Zdrowie:<\/strong> Pirenejskie Psy G\u00f3rskie s\u0105 generalnie uwa\u017cane za zdrow\u0105 ras\u0119, z przeci\u0119tn\u0105 d\u0142ugo\u015bci\u0105 \u017cycia wynosz\u0105c\u0105 oko\u0142o 10-12 lat. Jak ka\u017cda rasa, s\u0105 one nara\u017cone na pewne schorzenia genetyczne i zdrowotne, ale odpowiednia opieka i regularne wizyty u weterynarza mog\u0105 pom\u00f3c w zapewnieniu im d\u0142ugiego i zdrowego \u017cycia.<\/li>\n\n\n\n<li><strong>Typowe Schorzenia:<\/strong> Niekt\u00f3re schorzenia, na kt\u00f3re Pirenejskie Psy G\u00f3rskie mog\u0105 by\u0107 nara\u017cone, to dysplazja stawu biodrowego, problemy z sercem, a tak\u017ce pewne rodzaje nowotwor\u00f3w. Wczesna diagnostyka i leczenie mog\u0105 znacznie zwi\u0119kszy\u0107 szanse na d\u0142ugie i zdrowe \u017cycie.<\/li>\n\n\n\n<li><strong>Zalecenia Zdrowotne:<\/strong> W\u0142a\u015bciciele powinni zapewni\u0107 regularne badania weterynaryjne, w tym kontrol\u0119 staw\u00f3w i serca, a tak\u017ce utrzymywa\u0107 psa w zdrowej wadze, aby zmniejszy\u0107 ryzyko problem\u00f3w zdrowotnych.<\/li>\n<\/ol>\n\n\n\n<div style=\"height:35px\" aria-hidden=\"true\" class=\"wp-block-spacer\"><\/div>\n\n\n\n<h3 class=\"wp-block-heading\" id=\"h-pielegnacja\"><strong>Piel\u0119gnacja:<\/strong><\/h3>\n\n\n\n<div style=\"height:35px\" aria-hidden=\"true\" class=\"wp-block-spacer\"><\/div>\n\n\n\n<ol class=\"wp-block-list\">\n<li><strong>Sier\u015b\u0107 i Cz\u0119ste Czyszczenie:<\/strong> Pirenejski Pies G\u00f3rski ma g\u0119st\u0105, podw\u00f3jn\u0105 sier\u015b\u0107, kt\u00f3ra wymaga regularnego czesania, co najmniej raz w tygodniu, aby unikn\u0105\u0107 ko\u0142tun\u00f3w i utrzyma\u0107 sier\u015b\u0107 w dobrym stanie. Szczeg\u00f3ln\u0105 uwag\u0119 nale\u017cy zwr\u00f3ci\u0107 podczas sezonu linienia.<\/li>\n\n\n\n<li><strong>K\u0105piel i Higiena:<\/strong> K\u0105piele powinny by\u0107 przeprowadzane w miar\u0119 potrzeby, ale niezbyt cz\u0119sto, aby nie uszkodzi\u0107 naturalnych olej\u00f3w sk\u00f3ry. Regularne przycinanie pazur\u00f3w, czyszczenie uszu i dbanie o higien\u0119 jamy ustnej s\u0105 r\u00f3wnie\u017c wa\u017cne dla og\u00f3lnej higieny i zdrowia psa.<\/li>\n\n\n\n<li><strong>Aktywno\u015b\u0107 Fizyczna:<\/strong> Regularna aktywno\u015b\u0107 fizyczna jest kluczowa dla utrzymania dobrego stanu zdrowia Pirenejskiego Psa G\u00f3rskiego. Spacery, zabawy na \u015bwie\u017cym powietrzu i lekkie treningi pomog\u0105 utrzyma\u0107 psa w dobrej kondycji.<\/li>\n<\/ol>\n\n\n\n<div style=\"height:35px\" aria-hidden=\"true\" class=\"wp-block-spacer\"><\/div>\n\n\n\n<h2 class=\"wp-block-heading\" id=\"h-trening-i-wychowanie\"><strong>Trening i Wychowanie<\/strong><\/h2>\n\n\n\n<div style=\"height:35px\" aria-hidden=\"true\" class=\"wp-block-spacer\"><\/div>\n\n\n\n<figure class=\"wp-block-image size-large\"><img loading=\"lazy\" decoding=\"async\" width=\"1024\" height=\"683\" src=\"https:\/\/milo.pet\/Blog\/wp-content\/uploads\/2024\/01\/Untitled-design-90-1-1024x683.jpg\" alt=\"Pirenejski pies g\u00f3rski z bia\u0142\u0105, puszyst\u0105 sier\u015bci\u0105, le\u017c\u0105cy na trawie na tle kwitn\u0105cych drzew.\" class=\"wp-image-4386\" srcset=\"https:\/\/milo.pet\/Blog\/wp-content\/uploads\/2024\/01\/Untitled-design-90-1-1024x683.jpg 1024w, https:\/\/milo.pet\/Blog\/wp-content\/uploads\/2024\/01\/Untitled-design-90-1-300x200.jpg 300w, https:\/\/milo.pet\/Blog\/wp-content\/uploads\/2024\/01\/Untitled-design-90-1-768x512.jpg 768w, https:\/\/milo.pet\/Blog\/wp-content\/uploads\/2024\/01\/Untitled-design-90-1.jpg 1200w\" sizes=\"(max-width: 1024px) 100vw, 1024px\" \/><\/figure>\n\n\n\n<div style=\"height:35px\" aria-hidden=\"true\" class=\"wp-block-spacer\"><\/div>\n\n\n\n<ol class=\"wp-block-list\">\n<li><strong>Podstawy Wychowania<\/strong>: Wychowanie Pirenejskiego Psa G\u00f3rskiego powinno rozpocz\u0105\u0107 si\u0119 jak najwcze\u015bniej. S\u0105 to psy inteligentne, ale r\u00f3wnie\u017c niezale\u017cne, co mo\u017ce stanowi\u0107 wyzwanie w treningu. Konsekwencja i cierpliwo\u015b\u0107 s\u0105 kluczowe w procesie szkolenia. Wczesna socjalizacja z lud\u017ami, innymi psami oraz r\u00f3\u017cnorodnymi \u015brodowiskami jest niezb\u0119dna, aby zapewni\u0107 zr\u00f3wnowa\u017cony rozw\u00f3j temperamentu psa.<\/li>\n\n\n\n<li><strong>Metody Treningowe:<\/strong> Pirenejskie Psy G\u00f3rskie najlepiej reaguj\u0105 na pozytywne metody wzmocnienia, takie jak nagrody i pochwa\u0142y. Wa\u017cne jest, aby unika\u0107 surowych lub negatywnych technik treningowych, kt\u00f3re mog\u0105 prowadzi\u0107 do niepos\u0142usze\u0144stwa lub strachu. Regularne, kr\u00f3tkie sesje treningowe s\u0105 bardziej efektywne ni\u017c d\u0142ugie i m\u0119cz\u0105ce.<\/li>\n\n\n\n<li><strong>Nauka Pos\u0142usze\u0144stwa<\/strong>: Nauka podstawowych komend pos\u0142usze\u0144stwa, takich jak 'siad&#8217;, 'zosta\u0144&#8217; czy 'przy mnie&#8217;, jest wa\u017cna dla bezpiecze\u0144stwa i kontroli nad psem. Poniewa\u017c rasa ta ma silny instynkt ochronny, trening pos\u0142usze\u0144stwa pomaga w zarz\u0105dzaniu tym instynktem, szczeg\u00f3lnie w obecno\u015bci obcych ludzi lub zwierz\u0105t.<\/li>\n\n\n\n<li><strong>Zaj\u0119cia i Aktywno\u015bci:<\/strong> Pirenejskie Psy G\u00f3rskie czerpi\u0105 korzy\u015bci z r\u00f3\u017cnorodnych aktywno\u015bci umys\u0142owych i fizycznych. Zabawy zr\u0119czno\u015bciowe, aportowanie, spacery po r\u00f3\u017cnorodnym terenie mog\u0105 by\u0107 doskona\u0142ym sposobem na anga\u017cowanie ich umys\u0142u i cia\u0142a. S\u0105 to r\u00f3wnie\u017c \u015bwietne okazje do wzmocnienia wi\u0119zi mi\u0119dzy psem a w\u0142a\u015bcicielem.<\/li>\n<\/ol>\n\n\n\n<div class=\"wp-block-group is-layout-constrained wp-block-group-is-layout-constrained\"><div class=\"wp-block-group__inner-container\">\n<p class=\"has-black-color has-text-color has-background has-link-color wp-elements-386007a5d2243a16c4b9c104114eeef4\" style=\"background-color:#d1d1d1\"><a href=\"https:\/\/milo.pet\/Blog\/2023\/09\/20\/podstawy-szkolenia-psa\/\" target=\"_blank\" rel=\"noreferrer noopener\"><strong>Zobacz:<\/strong> Podstawy szkolenia psa<\/a><\/p>\n<\/div><\/div>\n\n\n\n<h2 class=\"wp-block-heading\" id=\"h-pirenejski-pies-gorski-w-rodzinie\"><strong>Pirenejski Pies G\u00f3rski w Rodzinie<\/strong><\/h2>\n\n\n\n<div style=\"height:35px\" aria-hidden=\"true\" class=\"wp-block-spacer\"><\/div>\n\n\n\n<figure class=\"wp-block-image size-large\"><img loading=\"lazy\" decoding=\"async\" width=\"1024\" height=\"683\" src=\"https:\/\/milo.pet\/Blog\/wp-content\/uploads\/2024\/01\/Untitled-design-91-1-1024x683.jpg\" alt=\"Uroczy szczeniak pirenejskiego psa g\u00f3rskiego z bia\u0142ym, puszystym futrem, le\u017c\u0105cy na zielonej trawie.\" class=\"wp-image-4387\" srcset=\"https:\/\/milo.pet\/Blog\/wp-content\/uploads\/2024\/01\/Untitled-design-91-1-1024x683.jpg 1024w, https:\/\/milo.pet\/Blog\/wp-content\/uploads\/2024\/01\/Untitled-design-91-1-300x200.jpg 300w, https:\/\/milo.pet\/Blog\/wp-content\/uploads\/2024\/01\/Untitled-design-91-1-768x512.jpg 768w, https:\/\/milo.pet\/Blog\/wp-content\/uploads\/2024\/01\/Untitled-design-91-1.jpg 1200w\" sizes=\"(max-width: 1024px) 100vw, 1024px\" \/><\/figure>\n\n\n\n<div style=\"height:35px\" aria-hidden=\"true\" class=\"wp-block-spacer\"><\/div>\n\n\n\n<ol class=\"wp-block-list\">\n<li><strong>Integracja z \u017byciem Rodzinnym:<\/strong> Pirenejski Pies G\u00f3rski mo\u017ce by\u0107 doskona\u0142ym dodatkiem do rodziny. Jego spokojny i lojalny charakter sprawia, \u017ce jest \u015bwietnym towarzyszem zar\u00f3wno dla doros\u0142ych, jak i dla dzieci. Jednak\u017ce wa\u017cne jest, aby nadzorowa\u0107 interakcje z mniejszymi dzie\u0107mi, g\u0142\u00f3wnie z powodu du\u017cego rozmiaru psa.<\/li>\n\n\n\n<li><strong>Wsp\u00f3lna Przestrze\u0144 i Terytorium:<\/strong> Te psy cz\u0119sto odczuwaj\u0105 siln\u0105 wi\u0119\u017a z domem i terytorium, kt\u00f3re traktuj\u0105 jako swoje. Potrzebuj\u0105 w\u0142asnej przestrzeni, gdzie mog\u0105 si\u0119 wycofa\u0107 i odpocz\u0105\u0107. Dostosowanie domu do potrzeb du\u017cego psa, w tym zapewnienie wystarczaj\u0105cej ilo\u015bci miejsca i wygodnego legowiska, jest kluczowe.<\/li>\n\n\n\n<li><strong>Znaczenie Aktywno\u015bci Rodzinnej:<\/strong> Pirenejskie Psy G\u00f3rskie ceni\u0105 sobie czas sp\u0119dzany z rodzin\u0105. Wsp\u00f3lne spacery, zabawy na \u015bwie\u017cym powietrzu i inne aktywno\u015bci pomagaj\u0105 w budowaniu wi\u0119zi i zapewniaj\u0105 psu potrzebn\u0105 stymulacj\u0119 fizyczn\u0105 i psychiczn\u0105.<\/li>\n\n\n\n<li><strong>Socjalizacja i Otwarto\u015b\u0107 na Nowo\u015bci:<\/strong> Chocia\u017c s\u0105 to psy ochronne, socjalizacja i regularny ich kontakt z r\u00f3\u017cnymi lud\u017ami i sytuacjami mo\u017ce pom\u00f3c w rozwoju ich otwarto\u015bci i przyjazno\u015bci. Jest to szczeg\u00f3lnie wa\u017cne, aby unikn\u0105\u0107 nadmiernej nieufno\u015bci lub ochronno\u015bci w stosunku do obcych.<\/li>\n\n\n\n<li><strong>Rola w Rodzinie:<\/strong> Pirenejski Pies G\u00f3rski cz\u0119sto przyjmuje rol\u0119 str\u00f3\u017ca i opiekuna. Jego naturalna sk\u0142onno\u015b\u0107 do ochrony sprawia, \u017ce mo\u017ce by\u0107 czujnym stra\u017cnikiem domu. Jednak\u017ce, jego spokojne i \u0142agodne zachowanie sprawia, \u017ce jest r\u00f3wnie\u017c kochaj\u0105cym i oddanym cz\u0142onkiem rodziny.<\/li>\n<\/ol>\n\n\n\n<div style=\"height:35px\" aria-hidden=\"true\" class=\"wp-block-spacer\"><\/div>\n\n\n\n<p>Pirenejski Pies G\u00f3rski jest ras\u0105, kt\u00f3ra mo\u017ce wnie\u015b\u0107 wiele do \u017cycia swoich w\u0142a\u015bcicieli. Jego niezachwiana lojalno\u015b\u0107, spokojny temperament i majestatyczna prezencja czyni\u0105 go nie tylko imponuj\u0105cym str\u00f3\u017cem, ale tak\u017ce kochaj\u0105cym i \u0142agodnym towarzyszem. Dla tych, kt\u00f3rzy s\u0105 gotowi po\u015bwi\u0119ci\u0107 czas na jego wychowanie, trening i piel\u0119gnacj\u0119, Pirenejski Pies G\u00f3rski mo\u017ce sta\u0107 si\u0119 nie tylko cz\u0119\u015bci\u0105 rodziny, ale prawdziwym przyjacielem na lata.<\/p>\n\n\n\n<div style=\"height:38px\" aria-hidden=\"true\" class=\"wp-block-spacer\"><\/div>\n\n\n\n<p style=\"font-size:29px;font-style:normal;font-weight:700\">Cz\u0119sto zadawane pytania<\/p>\n\n\n\n<div style=\"height:37px\" aria-hidden=\"true\" class=\"wp-block-spacer\"><\/div>\n\n\n\n<h3 class=\"wp-block-heading\" id=\"h-czy-pirenejski-pies-gorski-nadaje-sie-do-zycia-w-miescie\" style=\"font-style:normal;font-weight:600\">Czy Pirenejski Pies G\u00f3rski nadaje si\u0119 do \u017cycia w mie\u015bcie?<\/h3>\n\n\n\n<div style=\"height:20px\" aria-hidden=\"true\" class=\"wp-block-spacer\"><\/div>\n\n\n\n<p>Nie jest to rasa stworzona do \u017cycia w g\u0142o\u015bnym, zat\u0142oczonym \u015brodowisku miejskim. Cho\u0107 mo\u017ce przystosowa\u0107 si\u0119 do du\u017cego mieszkania, najlepiej czuje si\u0119 w domu z ogrodem lub na wsi, gdzie ma przestrze\u0144 i spok\u00f3j.<\/p>\n\n\n\n<div style=\"height:37px\" aria-hidden=\"true\" class=\"wp-block-spacer\"><\/div>\n\n\n\n<h3 class=\"wp-block-heading\" id=\"h-czy-to-prawda-ze-moze-podejmowac-samodzielne-decyzje-bez-polecenia\" style=\"font-style:normal;font-weight:600\">Czy to prawda, \u017ce mo\u017ce podejmowa\u0107 samodzielne decyzje bez polecenia?<\/h3>\n\n\n\n<div style=\"height:20px\" aria-hidden=\"true\" class=\"wp-block-spacer\"><\/div>\n\n\n\n<p>Tak. Pirenejski Pies G\u00f3rski, jako pies pasterski i str\u00f3\u017cuj\u0105cy, zosta\u0142 wyhodowany do samodzielnego dzia\u0142ania. W sytuacjach, kt\u00f3re oceni jako potencjalne zagro\u017cenie, mo\u017ce zareagowa\u0107 bez czekania na komend\u0119.<\/p>\n\n\n\n<div style=\"height:37px\" aria-hidden=\"true\" class=\"wp-block-spacer\"><\/div>\n\n\n\n<h3 class=\"wp-block-heading\" id=\"h-jak-znosi-wysokie-temperatury\" style=\"font-style:normal;font-weight:600\">Jak znosi wysokie temperatury?<\/h3>\n\n\n\n<div style=\"height:20px\" aria-hidden=\"true\" class=\"wp-block-spacer\"><\/div>\n\n\n\n<p>Do\u015b\u0107 \u017ale. Ta rasa zosta\u0142a przystosowana do ch\u0142odniejszego klimatu g\u00f3rskiego. Latem nale\u017cy zapewni\u0107 jej cie\u0144, dost\u0119p do ch\u0142odnej wody i ograniczy\u0107 aktywno\u015b\u0107 fizyczn\u0105 do ch\u0142odniejszych p\u00f3r dnia.<\/p>\n\n\n\n<div style=\"height:37px\" aria-hidden=\"true\" class=\"wp-block-spacer\"><\/div>\n\n\n\n<h3 class=\"wp-block-heading\" id=\"h-czy-pirenejski-pies-gorski-potrafi-byc-lagodny-wobec-obcych\" style=\"font-style:normal;font-weight:700\">Czy Pirenejski Pies G\u00f3rski potrafi by\u0107 \u0142agodny wobec obcych?<\/h3>\n\n\n\n<div style=\"height:20px\" aria-hidden=\"true\" class=\"wp-block-spacer\"><\/div>\n\n\n\n<p>Tak, ale wymaga to odpowiedniej socjalizacji od szczeni\u0119cia. Bez niej mo\u017ce by\u0107 zbyt podejrzliwy lub zdystansowany wobec nieznajomych, cho\u0107 rzadko agresywny.<\/p>\n\n\n\n<div style=\"height:37px\" aria-hidden=\"true\" class=\"wp-block-spacer\"><\/div>\n\n\n\n<h3 class=\"wp-block-heading\" id=\"h-czy-pirenejski-pies-gorski-szczeka-duzo\" style=\"font-style:normal;font-weight:600\">Czy Pirenejski Pies G\u00f3rski szczeka du\u017co?<\/h3>\n\n\n\n<div style=\"height:20px\" aria-hidden=\"true\" class=\"wp-block-spacer\"><\/div>\n\n\n\n<p>Tak \u2013 ma sk\u0142onno\u015b\u0107 do g\u0142o\u015bnego i niskiego szczekania, zw\u0142aszcza gdy wyczuje co\u015b niepokoj\u0105cego. To cz\u0119\u015b\u0107 jego instynktu str\u00f3\u017ca. Nie jest to rasa \u201emilcz\u0105ca\u201d i mo\u017ce nie nadawa\u0107 si\u0119 dla os\u00f3b wra\u017cliwych na ha\u0142as.<\/p>\n","protected":false},"excerpt":{"rendered":"<p>Pirenejski Pies G\u00f3rski, znany ze swojej si\u0142y i oddania, jest interesuj\u0105c\u0105 ras\u0105, kt\u00f3ra zas\u0142uguje na bli\u017csze poznanie. W tym artykule przybli\u017cymy histori\u0119 tej rasy, jej g\u0142\u00f3wne cechy oraz rol\u0119, jak\u0105 odgrywa w \u017cyciu swoich w\u0142a\u015bcicieli. Skupimy si\u0119 na tym, jak Pirenejski Pies G\u00f3rski dostosowa\u0142 si\u0119 do r\u00f3\u017cnych \u015brodowisk, od surowych g\u00f3rskich teren\u00f3w po domowe otoczenie, &hellip;<\/p>\n<p class=\"read-more\"> <a class=\"\" href=\"https:\/\/milo.pet\/Blog\/pirenejski-pies-gorski\/\"> <span class=\"screen-reader-text\">Pirenejski Pies G\u00f3rski<\/span> Read More &raquo;<\/a><\/p>\n","protected":false},"author":1,"featured_media":5928,"comment_status":"closed","ping_status":"open","sticky":false,"template":"","format":"standard","meta":{"_acf_changed":false,"_uag_custom_page_level_css":"","site-sidebar-layout":"default","site-content-layout":"","ast-site-content-layout":"default","site-content-style":"default","site-sidebar-style":"default","ast-global-header-display":"","ast-banner-title-visibility":"","ast-main-header-display":"","ast-hfb-above-header-display":"","ast-hfb-below-header-display":"","ast-hfb-mobile-header-display":"","site-post-title":"","ast-breadcrumbs-content":"","ast-featured-img":"","footer-sml-layout":"","theme-transparent-header-meta":"","adv-header-id-meta":"","stick-header-meta":"","header-above-stick-meta":"","header-main-stick-meta":"","header-below-stick-meta":"","astra-migrate-meta-layouts":"set","ast-page-background-enabled":"default","ast-page-background-meta":{"desktop":{"background-color":"var(--ast-global-color-4)","background-image":"","background-repeat":"repeat","background-position":"center center","background-size":"auto","background-attachment":"scroll","background-type":"","background-media":"","overlay-type":"","overlay-color":"","overlay-gradient":""},"tablet":{"background-color":"","background-image":"","background-repeat":"repeat","background-position":"center center","background-size":"auto","background-attachment":"scroll","background-type":"","background-media":"","overlay-type":"","overlay-color":"","overlay-gradient":""},"mobile":{"background-color":"","background-image":"","background-repeat":"repeat","background-position":"center center","background-size":"auto","background-attachment":"scroll","background-type":"","background-media":"","overlay-type":"","overlay-color":"","overlay-gradient":""}},"ast-content-background-meta":{"desktop":{"background-color":"var(--ast-global-color-5)","background-image":"","background-repeat":"repeat","background-position":"center center","background-size":"auto","background-attachment":"scroll","background-type":"","background-media":"","overlay-type":"","overlay-color":"","overlay-gradient":""},"tablet":{"background-color":"var(--ast-global-color-5)","background-image":"","background-repeat":"repeat","background-position":"center center","background-size":"auto","background-attachment":"scroll","background-type":"","background-media":"","overlay-type":"","overlay-color":"","overlay-gradient":""},"mobile":{"background-color":"var(--ast-global-color-5)","background-image":"","background-repeat":"repeat","background-position":"center center","background-size":"auto","background-attachment":"scroll","background-type":"","background-media":"","overlay-type":"","overlay-color":"","overlay-gradient":""}},"footnotes":""},"categories":[42,46],"tags":[],"class_list":["post-4378","post","type-post","status-publish","format-standard","has-post-thumbnail","hentry","category-rasy-psow","category-rasy-zwierzat"],"acf":[],"yoast_head":"<!-- This site is optimized with the Yoast SEO Premium plugin v24.6 (Yoast SEO v24.6) - https:\/\/yoast.com\/wordpress\/plugins\/seo\/ -->\n<title>Pirenejski Pies G\u00f3rski - Opis rasy<\/title>\n<meta name=\"description\" content=\"Pirenejski Pies G\u00f3rski to majestatyczny str\u00f3\u017c o spokojnym usposobieniu i wielkim sercu. Poznaj jego histori\u0119, charakter i potrzeby.\" \/>\n<meta name=\"robots\" content=\"index, follow, max-snippet:-1, max-image-preview:large, max-video-preview:-1\" \/>\n<link rel=\"canonical\" href=\"https:\/\/milo.pet\/Blog\/pirenejski-pies-gorski\/\" \/>\n<meta property=\"og:locale\" content=\"pl_PL\" \/>\n<meta property=\"og:type\" content=\"article\" \/>\n<meta property=\"og:title\" content=\"Pirenejski Pies G\u00f3rski\" \/>\n<meta property=\"og:description\" content=\"Pirenejski Pies G\u00f3rski to majestatyczny str\u00f3\u017c o spokojnym usposobieniu i wielkim sercu. Poznaj jego histori\u0119, charakter i potrzeby.\" \/>\n<meta property=\"og:url\" content=\"https:\/\/milo.pet\/Blog\/pirenejski-pies-gorski\/\" \/>\n<meta property=\"og:site_name\" content=\"Milo.pet\" \/>\n<meta property=\"article:published_time\" content=\"2024-01-09T18:08:14+00:00\" \/>\n<meta property=\"article:modified_time\" content=\"2025-05-08T12:04:50+00:00\" \/>\n<meta property=\"og:image\" content=\"https:\/\/milo.pet\/Blog\/wp-content\/uploads\/2024\/01\/pirenejski-pies-gorski.webp\" \/>\n\t<meta property=\"og:image:width\" content=\"2100\" \/>\n\t<meta property=\"og:image:height\" content=\"1360\" \/>\n\t<meta property=\"og:image:type\" content=\"image\/webp\" \/>\n<meta name=\"author\" content=\"Patrycja Nowak\" \/>\n<meta name=\"twitter:card\" content=\"summary_large_image\" \/>\n<meta name=\"twitter:label1\" content=\"Written by\" \/>\n\t<meta name=\"twitter:data1\" content=\"Patrycja Nowak\" \/>\n\t<meta name=\"twitter:label2\" content=\"Est. reading time\" \/>\n\t<meta name=\"twitter:data2\" content=\"9 minut\" \/>\n<script type=\"application\/ld+json\" class=\"yoast-schema-graph\">{\"@context\":\"https:\/\/schema.org\",\"@graph\":[{\"@type\":\"Article\",\"@id\":\"https:\/\/milo.pet\/Blog\/pirenejski-pies-gorski\/#article\",\"isPartOf\":{\"@id\":\"https:\/\/milo.pet\/Blog\/pirenejski-pies-gorski\/\"},\"author\":{\"name\":\"Patrycja Nowak\",\"@id\":\"https:\/\/milo.pet\/Blog\/#\/schema\/person\/17bcd931b79f17d8453b85991012a6a3\"},\"headline\":\"Pirenejski Pies G\u00f3rski\",\"datePublished\":\"2024-01-09T18:08:14+00:00\",\"dateModified\":\"2025-05-08T12:04:50+00:00\",\"mainEntityOfPage\":{\"@id\":\"https:\/\/milo.pet\/Blog\/pirenejski-pies-gorski\/\"},\"wordCount\":1588,\"publisher\":{\"@id\":\"https:\/\/milo.pet\/Blog\/#organization\"},\"image\":{\"@id\":\"https:\/\/milo.pet\/Blog\/pirenejski-pies-gorski\/#primaryimage\"},\"thumbnailUrl\":\"https:\/\/milo.pet\/Blog\/wp-content\/uploads\/2024\/01\/pirenejski-pies-gorski.webp\",\"articleSection\":[\"Rasy ps\u00f3w\",\"Rasy zwierz\u0105t\"],\"inLanguage\":\"pl-PL\"},{\"@type\":\"WebPage\",\"@id\":\"https:\/\/milo.pet\/Blog\/pirenejski-pies-gorski\/\",\"url\":\"https:\/\/milo.pet\/Blog\/pirenejski-pies-gorski\/\",\"name\":\"Pirenejski Pies G\u00f3rski - Opis rasy\",\"isPartOf\":{\"@id\":\"https:\/\/milo.pet\/Blog\/#website\"},\"primaryImageOfPage\":{\"@id\":\"https:\/\/milo.pet\/Blog\/pirenejski-pies-gorski\/#primaryimage\"},\"image\":{\"@id\":\"https:\/\/milo.pet\/Blog\/pirenejski-pies-gorski\/#primaryimage\"},\"thumbnailUrl\":\"https:\/\/milo.pet\/Blog\/wp-content\/uploads\/2024\/01\/pirenejski-pies-gorski.webp\",\"datePublished\":\"2024-01-09T18:08:14+00:00\",\"dateModified\":\"2025-05-08T12:04:50+00:00\",\"description\":\"Pirenejski Pies G\u00f3rski to majestatyczny str\u00f3\u017c o spokojnym usposobieniu i wielkim sercu. Poznaj jego histori\u0119, charakter i potrzeby.\",\"breadcrumb\":{\"@id\":\"https:\/\/milo.pet\/Blog\/pirenejski-pies-gorski\/#breadcrumb\"},\"inLanguage\":\"pl-PL\",\"potentialAction\":[{\"@type\":\"ReadAction\",\"target\":[\"https:\/\/milo.pet\/Blog\/pirenejski-pies-gorski\/\"]}]},{\"@type\":\"ImageObject\",\"inLanguage\":\"pl-PL\",\"@id\":\"https:\/\/milo.pet\/Blog\/pirenejski-pies-gorski\/#primaryimage\",\"url\":\"https:\/\/milo.pet\/Blog\/wp-content\/uploads\/2024\/01\/pirenejski-pies-gorski.webp\",\"contentUrl\":\"https:\/\/milo.pet\/Blog\/wp-content\/uploads\/2024\/01\/pirenejski-pies-gorski.webp\",\"width\":2100,\"height\":1360,\"caption\":\"Pirenejski Pies G\u00f3rski\"},{\"@type\":\"BreadcrumbList\",\"@id\":\"https:\/\/milo.pet\/Blog\/pirenejski-pies-gorski\/#breadcrumb\",\"itemListElement\":[{\"@type\":\"ListItem\",\"position\":1,\"name\":\"Home\",\"item\":\"https:\/\/milo.pet\/Blog\/\"},{\"@type\":\"ListItem\",\"position\":2,\"name\":\"Pirenejski Pies G\u00f3rski\"}]},{\"@type\":\"WebSite\",\"@id\":\"https:\/\/milo.pet\/Blog\/#website\",\"url\":\"https:\/\/milo.pet\/Blog\/\",\"name\":\"Milo.pet\",\"description\":\"Blog\",\"publisher\":{\"@id\":\"https:\/\/milo.pet\/Blog\/#organization\"},\"potentialAction\":[{\"@type\":\"SearchAction\",\"target\":{\"@type\":\"EntryPoint\",\"urlTemplate\":\"https:\/\/milo.pet\/Blog\/?s={search_term_string}\"},\"query-input\":{\"@type\":\"PropertyValueSpecification\",\"valueRequired\":true,\"valueName\":\"search_term_string\"}}],\"inLanguage\":\"pl-PL\"},{\"@type\":\"Organization\",\"@id\":\"https:\/\/milo.pet\/Blog\/#organization\",\"name\":\"Milo.pet\",\"url\":\"https:\/\/milo.pet\/Blog\/\",\"logo\":{\"@type\":\"ImageObject\",\"inLanguage\":\"pl-PL\",\"@id\":\"https:\/\/milo.pet\/Blog\/#\/schema\/logo\/image\/\",\"url\":\"https:\/\/milo.pet\/Blog\/wp-content\/uploads\/2023\/09\/cropped-MiloPET-logo-1.png\",\"contentUrl\":\"https:\/\/milo.pet\/Blog\/wp-content\/uploads\/2023\/09\/cropped-MiloPET-logo-1.png\",\"width\":1998,\"height\":1419,\"caption\":\"Milo.pet\"},\"image\":{\"@id\":\"https:\/\/milo.pet\/Blog\/#\/schema\/logo\/image\/\"}},{\"@type\":\"Person\",\"@id\":\"https:\/\/milo.pet\/Blog\/#\/schema\/person\/17bcd931b79f17d8453b85991012a6a3\",\"name\":\"Patrycja Nowak\",\"image\":{\"@type\":\"ImageObject\",\"inLanguage\":\"pl-PL\",\"@id\":\"https:\/\/milo.pet\/Blog\/#\/schema\/person\/image\/\",\"url\":\"https:\/\/secure.gravatar.com\/avatar\/51d419d7a5a1cfc8e9054fcccb2678a105d0cb73af4acbf6a99ad9e72a6ba9a3?s=96&d=mm&r=g\",\"contentUrl\":\"https:\/\/secure.gravatar.com\/avatar\/51d419d7a5a1cfc8e9054fcccb2678a105d0cb73af4acbf6a99ad9e72a6ba9a3?s=96&d=mm&r=g\",\"caption\":\"Patrycja Nowak\"},\"description\":\"Trenerka ps\u00f3w. Pomagam opiekunom zrozumie\u0107 potrzeby ich pupili, buduj\u0105c harmonijn\u0105 relacj\u0119 opart\u0105 na zaufaniu i pozytywnym wzmocnieniu.\",\"sameAs\":[\"http:\/\/milo.pet\/Blog\"],\"url\":\"https:\/\/milo.pet\/Blog\/author\/arpok\/\"}]}<\/script>\n<!-- \/ Yoast SEO Premium plugin. -->","yoast_head_json":{"title":"Pirenejski Pies G\u00f3rski - Opis rasy","description":"Pirenejski Pies G\u00f3rski to majestatyczny str\u00f3\u017c o spokojnym usposobieniu i wielkim sercu. Poznaj jego histori\u0119, charakter i potrzeby.","robots":{"index":"index","follow":"follow","max-snippet":"max-snippet:-1","max-image-preview":"max-image-preview:large","max-video-preview":"max-video-preview:-1"},"canonical":"https:\/\/milo.pet\/Blog\/pirenejski-pies-gorski\/","og_locale":"pl_PL","og_type":"article","og_title":"Pirenejski Pies G\u00f3rski","og_description":"Pirenejski Pies G\u00f3rski to majestatyczny str\u00f3\u017c o spokojnym usposobieniu i wielkim sercu. Poznaj jego histori\u0119, charakter i potrzeby.","og_url":"https:\/\/milo.pet\/Blog\/pirenejski-pies-gorski\/","og_site_name":"Milo.pet","article_published_time":"2024-01-09T18:08:14+00:00","article_modified_time":"2025-05-08T12:04:50+00:00","og_image":[{"width":2100,"height":1360,"url":"https:\/\/milo.pet\/Blog\/wp-content\/uploads\/2024\/01\/pirenejski-pies-gorski.webp","type":"image\/webp"}],"author":"Patrycja Nowak","twitter_card":"summary_large_image","twitter_misc":{"Written by":"Patrycja Nowak","Est. reading time":"9 minut"},"schema":{"@context":"https:\/\/schema.org","@graph":[{"@type":"Article","@id":"https:\/\/milo.pet\/Blog\/pirenejski-pies-gorski\/#article","isPartOf":{"@id":"https:\/\/milo.pet\/Blog\/pirenejski-pies-gorski\/"},"author":{"name":"Patrycja Nowak","@id":"https:\/\/milo.pet\/Blog\/#\/schema\/person\/17bcd931b79f17d8453b85991012a6a3"},"headline":"Pirenejski Pies G\u00f3rski","datePublished":"2024-01-09T18:08:14+00:00","dateModified":"2025-05-08T12:04:50+00:00","mainEntityOfPage":{"@id":"https:\/\/milo.pet\/Blog\/pirenejski-pies-gorski\/"},"wordCount":1588,"publisher":{"@id":"https:\/\/milo.pet\/Blog\/#organization"},"image":{"@id":"https:\/\/milo.pet\/Blog\/pirenejski-pies-gorski\/#primaryimage"},"thumbnailUrl":"https:\/\/milo.pet\/Blog\/wp-content\/uploads\/2024\/01\/pirenejski-pies-gorski.webp","articleSection":["Rasy ps\u00f3w","Rasy zwierz\u0105t"],"inLanguage":"pl-PL"},{"@type":"WebPage","@id":"https:\/\/milo.pet\/Blog\/pirenejski-pies-gorski\/","url":"https:\/\/milo.pet\/Blog\/pirenejski-pies-gorski\/","name":"Pirenejski Pies G\u00f3rski - Opis rasy","isPartOf":{"@id":"https:\/\/milo.pet\/Blog\/#website"},"primaryImageOfPage":{"@id":"https:\/\/milo.pet\/Blog\/pirenejski-pies-gorski\/#primaryimage"},"image":{"@id":"https:\/\/milo.pet\/Blog\/pirenejski-pies-gorski\/#primaryimage"},"thumbnailUrl":"https:\/\/milo.pet\/Blog\/wp-content\/uploads\/2024\/01\/pirenejski-pies-gorski.webp","datePublished":"2024-01-09T18:08:14+00:00","dateModified":"2025-05-08T12:04:50+00:00","description":"Pirenejski Pies G\u00f3rski to majestatyczny str\u00f3\u017c o spokojnym usposobieniu i wielkim sercu. Poznaj jego histori\u0119, charakter i potrzeby.","breadcrumb":{"@id":"https:\/\/milo.pet\/Blog\/pirenejski-pies-gorski\/#breadcrumb"},"inLanguage":"pl-PL","potentialAction":[{"@type":"ReadAction","target":["https:\/\/milo.pet\/Blog\/pirenejski-pies-gorski\/"]}]},{"@type":"ImageObject","inLanguage":"pl-PL","@id":"https:\/\/milo.pet\/Blog\/pirenejski-pies-gorski\/#primaryimage","url":"https:\/\/milo.pet\/Blog\/wp-content\/uploads\/2024\/01\/pirenejski-pies-gorski.webp","contentUrl":"https:\/\/milo.pet\/Blog\/wp-content\/uploads\/2024\/01\/pirenejski-pies-gorski.webp","width":2100,"height":1360,"caption":"Pirenejski Pies G\u00f3rski"},{"@type":"BreadcrumbList","@id":"https:\/\/milo.pet\/Blog\/pirenejski-pies-gorski\/#breadcrumb","itemListElement":[{"@type":"ListItem","position":1,"name":"Home","item":"https:\/\/milo.pet\/Blog\/"},{"@type":"ListItem","position":2,"name":"Pirenejski Pies G\u00f3rski"}]},{"@type":"WebSite","@id":"https:\/\/milo.pet\/Blog\/#website","url":"https:\/\/milo.pet\/Blog\/","name":"Milo.pet","description":"Blog","publisher":{"@id":"https:\/\/milo.pet\/Blog\/#organization"},"potentialAction":[{"@type":"SearchAction","target":{"@type":"EntryPoint","urlTemplate":"https:\/\/milo.pet\/Blog\/?s={search_term_string}"},"query-input":{"@type":"PropertyValueSpecification","valueRequired":true,"valueName":"search_term_string"}}],"inLanguage":"pl-PL"},{"@type":"Organization","@id":"https:\/\/milo.pet\/Blog\/#organization","name":"Milo.pet","url":"https:\/\/milo.pet\/Blog\/","logo":{"@type":"ImageObject","inLanguage":"pl-PL","@id":"https:\/\/milo.pet\/Blog\/#\/schema\/logo\/image\/","url":"https:\/\/milo.pet\/Blog\/wp-content\/uploads\/2023\/09\/cropped-MiloPET-logo-1.png","contentUrl":"https:\/\/milo.pet\/Blog\/wp-content\/uploads\/2023\/09\/cropped-MiloPET-logo-1.png","width":1998,"height":1419,"caption":"Milo.pet"},"image":{"@id":"https:\/\/milo.pet\/Blog\/#\/schema\/logo\/image\/"}},{"@type":"Person","@id":"https:\/\/milo.pet\/Blog\/#\/schema\/person\/17bcd931b79f17d8453b85991012a6a3","name":"Patrycja Nowak","image":{"@type":"ImageObject","inLanguage":"pl-PL","@id":"https:\/\/milo.pet\/Blog\/#\/schema\/person\/image\/","url":"https:\/\/secure.gravatar.com\/avatar\/51d419d7a5a1cfc8e9054fcccb2678a105d0cb73af4acbf6a99ad9e72a6ba9a3?s=96&d=mm&r=g","contentUrl":"https:\/\/secure.gravatar.com\/avatar\/51d419d7a5a1cfc8e9054fcccb2678a105d0cb73af4acbf6a99ad9e72a6ba9a3?s=96&d=mm&r=g","caption":"Patrycja Nowak"},"description":"Trenerka ps\u00f3w. Pomagam opiekunom zrozumie\u0107 potrzeby ich pupili, buduj\u0105c harmonijn\u0105 relacj\u0119 opart\u0105 na zaufaniu i pozytywnym wzmocnieniu.","sameAs":["http:\/\/milo.pet\/Blog"],"url":"https:\/\/milo.pet\/Blog\/author\/arpok\/"}]}},"uagb_featured_image_src":{"full":["https:\/\/milo.pet\/Blog\/wp-content\/uploads\/2024\/01\/pirenejski-pies-gorski.webp",2100,1360,false],"thumbnail":["https:\/\/milo.pet\/Blog\/wp-content\/uploads\/2024\/01\/pirenejski-pies-gorski-150x150.webp",150,150,true],"medium":["https:\/\/milo.pet\/Blog\/wp-content\/uploads\/2024\/01\/pirenejski-pies-gorski-300x194.webp",300,194,true],"medium_large":["https:\/\/milo.pet\/Blog\/wp-content\/uploads\/2024\/01\/pirenejski-pies-gorski-768x497.webp",768,497,true],"large":["https:\/\/milo.pet\/Blog\/wp-content\/uploads\/2024\/01\/pirenejski-pies-gorski-1024x663.webp",1024,663,true],"1536x1536":["https:\/\/milo.pet\/Blog\/wp-content\/uploads\/2024\/01\/pirenejski-pies-gorski-1536x995.webp",1536,995,true],"2048x2048":["https:\/\/milo.pet\/Blog\/wp-content\/uploads\/2024\/01\/pirenejski-pies-gorski-2048x1326.webp",2048,1326,true]},"uagb_author_info":{"display_name":"Patrycja Nowak","author_link":"https:\/\/milo.pet\/Blog\/author\/arpok\/"},"uagb_comment_info":0,"uagb_excerpt":"Pirenejski Pies G\u00f3rski, znany ze swojej si\u0142y i oddania, jest interesuj\u0105c\u0105 ras\u0105, kt\u00f3ra zas\u0142uguje na bli\u017csze poznanie. W tym artykule przybli\u017cymy histori\u0119 tej rasy, jej g\u0142\u00f3wne cechy oraz rol\u0119, jak\u0105 odgrywa w \u017cyciu swoich w\u0142a\u015bcicieli. Skupimy si\u0119 na tym, jak Pirenejski Pies G\u00f3rski dostosowa\u0142 si\u0119 do r\u00f3\u017cnych \u015brodowisk, od surowych g\u00f3rskich teren\u00f3w po domowe otoczenie,&hellip;","_links":{"self":[{"href":"https:\/\/milo.pet\/Blog\/wp-json\/wp\/v2\/posts\/4378","targetHints":{"allow":["GET"]}}],"collection":[{"href":"https:\/\/milo.pet\/Blog\/wp-json\/wp\/v2\/posts"}],"about":[{"href":"https:\/\/milo.pet\/Blog\/wp-json\/wp\/v2\/types\/post"}],"author":[{"embeddable":true,"href":"https:\/\/milo.pet\/Blog\/wp-json\/wp\/v2\/users\/1"}],"replies":[{"embeddable":true,"href":"https:\/\/milo.pet\/Blog\/wp-json\/wp\/v2\/comments?post=4378"}],"version-history":[{"count":7,"href":"https:\/\/milo.pet\/Blog\/wp-json\/wp\/v2\/posts\/4378\/revisions"}],"predecessor-version":[{"id":6714,"href":"https:\/\/milo.pet\/Blog\/wp-json\/wp\/v2\/posts\/4378\/revisions\/6714"}],"wp:featuredmedia":[{"embeddable":true,"href":"https:\/\/milo.pet\/Blog\/wp-json\/wp\/v2\/media\/5928"}],"wp:attachment":[{"href":"https:\/\/milo.pet\/Blog\/wp-json\/wp\/v2\/media?parent=4378"}],"wp:term":[{"taxonomy":"category","embeddable":true,"href":"https:\/\/milo.pet\/Blog\/wp-json\/wp\/v2\/categories?post=4378"},{"taxonomy":"post_tag","embeddable":true,"href":"https:\/\/milo.pet\/Blog\/wp-json\/wp\/v2\/tags?post=4378"}],"curies":[{"name":"wp","href":"https:\/\/api.w.org\/{rel}","templated":true}]}}