{"id":4625,"date":"2024-01-16T19:09:32","date_gmt":"2024-01-16T19:09:32","guid":{"rendered":"https:\/\/milo.pet\/Blog\/?p=4625"},"modified":"2025-05-06T17:45:34","modified_gmt":"2025-05-06T17:45:34","slug":"wyzel-weimarski-krotkowlosy","status":"publish","type":"post","link":"https:\/\/milo.pet\/Blog\/wyzel-weimarski-krotkowlosy\/","title":{"rendered":"Wy\u017ce\u0142 weimarski kr\u00f3tkow\u0142osy"},"content":{"rendered":"\n<p>W \u015bwiecie ps\u00f3w rasowych, niewiele ras mo\u017ce dor\u00f3wna\u0107 wy\u017c\u0142owi weimarskiemu kr\u00f3tkow\u0142osemu pod wzgl\u0119dem elegancji, inteligencji i wszechstronno\u015bci. Pochodz\u0105cy z Niemiec, wy\u017ce\u0142 weimarski jest uosobieniem \u0142owczego psa, a jego kr\u00f3tkow\u0142osa odmiana wyr\u00f3\u017cnia si\u0119 nie tylko zdolno\u015bciami my\u015bliwskimi, ale tak\u017ce niezwyk\u0142\u0105 urod\u0105.<\/p>\n\n\n\n<div style=\"height:35px\" aria-hidden=\"true\" class=\"wp-block-spacer\"><\/div>\n\n\n\n<h2 class=\"wp-block-heading\" id=\"h-historia-i-pochodzenie\"><strong>Historia i Pochodzenie<\/strong><\/h2>\n\n\n\n<div style=\"height:35px\" aria-hidden=\"true\" class=\"wp-block-spacer\"><\/div>\n\n\n\n<figure class=\"wp-block-image size-large\"><img fetchpriority=\"high\" decoding=\"async\" width=\"1024\" height=\"683\" src=\"https:\/\/milo.pet\/Blog\/wp-content\/uploads\/2024\/01\/Untitled-design-2024-01-16T201109.949-1-1024x683.jpg\" alt=\"Wy\u017ce\u0142 weimarski kr\u00f3tkow\u0142osy \u2013 elegancki i pe\u0142en wdzi\u0119ku pies my\u015bliwski.\" class=\"wp-image-4628\" srcset=\"https:\/\/milo.pet\/Blog\/wp-content\/uploads\/2024\/01\/Untitled-design-2024-01-16T201109.949-1-1024x683.jpg 1024w, https:\/\/milo.pet\/Blog\/wp-content\/uploads\/2024\/01\/Untitled-design-2024-01-16T201109.949-1-300x200.jpg 300w, https:\/\/milo.pet\/Blog\/wp-content\/uploads\/2024\/01\/Untitled-design-2024-01-16T201109.949-1-768x512.jpg 768w, https:\/\/milo.pet\/Blog\/wp-content\/uploads\/2024\/01\/Untitled-design-2024-01-16T201109.949-1.jpg 1200w\" sizes=\"(max-width: 1024px) 100vw, 1024px\" \/><\/figure>\n\n\n\n<div style=\"height:35px\" aria-hidden=\"true\" class=\"wp-block-spacer\"><\/div>\n\n\n\n<ol class=\"wp-block-list\">\n<li><strong>Wczesne Pocz\u0105tki w Niemczech:<\/strong> Historia wy\u017c\u0142a weimarskiego si\u0119ga pocz\u0105tk\u00f3w XIX wieku, kiedy to rasa ta zacz\u0119\u0142a by\u0107 hodowana w Niemczech, w Ksi\u0119stwie Saksonii-Weimar-Eisenach. Pierwotnie wy\u017c\u0142y te by\u0142y hodowane g\u0142\u00f3wnie przez arystokracj\u0119 do polowa\u0144 na du\u017ce zwierz\u0119ta, takie jak nied\u017awiedzie, dziki i jelenie.<\/li>\n\n\n\n<li><strong>Ewolucja Rasy i Zmiany w Polowaniu:<\/strong> Z czasem, jak zmieni\u0142a si\u0119 moda na polowania, wy\u017c\u0142y weimarskie zacz\u0119\u0142y by\u0107 u\u017cywane r\u00f3wnie\u017c do polowa\u0144 na mniejsz\u0105 zwierzyn\u0119. To wymaga\u0142o od nich wi\u0119kszej szybko\u015bci i zwinno\u015bci, co wp\u0142yn\u0119\u0142o na rozw\u00f3j ich fizycznych cech i umiej\u0119tno\u015bci \u0142owieckich.<\/li>\n\n\n\n<li><strong>Charakterystyczne Ubarwienie i Hodowla:<\/strong> Wy\u017ce\u0142 weimarski kr\u00f3tkow\u0142osy wyr\u00f3\u017cnia si\u0119 spo\u015br\u00f3d innych ras wy\u017c\u0142\u00f3w swoim unikatowym, srebrzysto-szarym ubarwieniem, kt\u00f3re przynios\u0142o mu przydomek &#8222;duch ps\u00f3w&#8221;. Ta charakterystyczna cecha jest jednym z wynik\u00f3w starannych program\u00f3w hodowlanych, maj\u0105cych na celu wydobycie nie tylko umiej\u0119tno\u015bci \u0142owieckich, ale tak\u017ce estetycznego wygl\u0105du psa.<\/li>\n\n\n\n<li><strong>Rozprzestrzenianie si\u0119 Rasy poza Niemcy:<\/strong> W latach 30. XX wieku wy\u017ce\u0142 weimarski zyska\u0142 popularno\u015b\u0107 poza granicami Niemiec, szczeg\u00f3lnie w Stanach Zjednoczonych i innych krajach zachodnich. To przyczyni\u0142o si\u0119 do jego rozpoznawalno\u015bci na ca\u0142ym \u015bwiecie i zwi\u0119kszenia liczby mi\u0142o\u015bnik\u00f3w tej rasy.<\/li>\n<\/ol>\n\n\n\n<div class=\"wp-block-group is-layout-constrained wp-block-group-is-layout-constrained\"><div class=\"wp-block-group__inner-container\">\n<p class=\"has-black-color has-text-color has-background has-link-color wp-elements-df40dfec9364919121978634b5666bce\" style=\"background-color:#d1d1d1\"><a href=\"https:\/\/milo.pet\/Blog\/2023\/09\/19\/wybor-hodowli\/\" target=\"_blank\" rel=\"noreferrer noopener\"><strong>Zobacz:<\/strong> Na co zwraca\u0107 uwag\u0119 przy wyborze hodowli ps\u00f3w?<\/a><\/p>\n<\/div><\/div>\n\n\n\n<h2 class=\"wp-block-heading\" id=\"h-temperament\"><strong>Temperament<\/strong><\/h2>\n\n\n\n<div style=\"height:35px\" aria-hidden=\"true\" class=\"wp-block-spacer\"><\/div>\n\n\n\n<figure class=\"wp-block-image size-large\"><img decoding=\"async\" width=\"1024\" height=\"683\" src=\"https:\/\/milo.pet\/Blog\/wp-content\/uploads\/2024\/01\/Untitled-design-2024-01-16T201146.898-1-1024x683.jpg\" alt=\"Wy\u017ce\u0142 weimarski kr\u00f3tkow\u0142osy w domowym otoczeniu \u2013 elegancki i dostojny pies my\u015bliwski.\" class=\"wp-image-4630\" srcset=\"https:\/\/milo.pet\/Blog\/wp-content\/uploads\/2024\/01\/Untitled-design-2024-01-16T201146.898-1-1024x683.jpg 1024w, https:\/\/milo.pet\/Blog\/wp-content\/uploads\/2024\/01\/Untitled-design-2024-01-16T201146.898-1-300x200.jpg 300w, https:\/\/milo.pet\/Blog\/wp-content\/uploads\/2024\/01\/Untitled-design-2024-01-16T201146.898-1-768x512.jpg 768w, https:\/\/milo.pet\/Blog\/wp-content\/uploads\/2024\/01\/Untitled-design-2024-01-16T201146.898-1.jpg 1200w\" sizes=\"(max-width: 1024px) 100vw, 1024px\" \/><\/figure>\n\n\n\n<div style=\"height:35px\" aria-hidden=\"true\" class=\"wp-block-spacer\"><\/div>\n\n\n\n<ol class=\"wp-block-list\">\n<li><strong>Inteligencja i Uczenie si\u0119:<\/strong> Wy\u017ce\u0142 weimarski kr\u00f3tkow\u0142osy jest znanym ze swojej inteligencji i zdolno\u015bci szybkiego uczenia si\u0119. Te psy s\u0105 bardzo bystre i reaguj\u0105 na trening z zapa\u0142em, co sprawia, \u017ce s\u0105 doskona\u0142ymi kandydatami na psy my\u015bliwskie, ale tak\u017ce na psy towarzysz\u0105ce w r\u00f3\u017cnych rodzajach sport\u00f3w i aktywno\u015bci.<\/li>\n\n\n\n<li><strong>Potrzeba Aktywno\u015bci i Zaj\u0119cia:<\/strong> Jako rasa aktywna, wy\u017ce\u0142 weimarski kr\u00f3tkow\u0142osy wymaga regularnej i intensywnej aktywno\u015bci fizycznej. D\u0142ugie spacery, bieganie, a nawet trening agility s\u0105 niezb\u0119dne do utrzymania ich w dobrej kondycji fizycznej i psychicznej. Brak odpowiedniej ilo\u015bci ruchu mo\u017ce prowadzi\u0107 do zachowa\u0144 destrukcyjnych i frustracji.<\/li>\n\n\n\n<li><strong>Lojalno\u015b\u0107 i Przywi\u0105zanie do Rodziny:<\/strong> Wy\u017c\u0142y weimarskie s\u0105 r\u00f3wnie\u017c znane z silnego przywi\u0105zania do swoich opiekun\u00f3w i rodziny. S\u0105 to psy lojalne, cz\u0119sto wykazuj\u0105ce silne wi\u0119zi z poszczeg\u00f3lnymi cz\u0142onkami rodziny. Mog\u0105 by\u0107 nieufne wobec obcych, co czyni je dobrymi psami str\u00f3\u017cuj\u0105cymi.<\/li>\n\n\n\n<li><strong>Wsp\u00f3\u0142praca i Interakcja Spo\u0142eczna:<\/strong> S\u0105 to psy o wysokim stopniu wsp\u00f3\u0142pracy, ch\u0119tnie uczestnicz\u0105ce w aktywno\u015bciach zwi\u0105zanych z ich w\u0142a\u015bcicielami. Jednak ze wzgl\u0119du na ich silny instynkt \u0142owiecki, mog\u0105 wykazywa\u0107 tendencj\u0119 do gonienia mniejszych zwierz\u0105t, dlatego wa\u017cne jest odpowiednie socjalizowanie psa od m\u0142odego wieku.<\/li>\n<\/ol>\n\n\n\n<div class=\"wp-block-group is-layout-constrained wp-block-group-is-layout-constrained\"><div class=\"wp-block-group__inner-container\">\n<p class=\"has-black-color has-text-color has-background has-link-color wp-elements-b734fed6f3356ce3e7a4e7bb2a1147b0\" style=\"background-color:#d1d1d1\"><a href=\"https:\/\/milo.pet\/Blog\/2023\/09\/21\/socjalizacja-psa-jak-zrobic-to-dobrze\/\" target=\"_blank\" rel=\"noreferrer noopener\"><strong>Zobacz:<\/strong> Socjalizacja psa, jak robi\u0107 to dobrze.<\/a><\/p>\n<\/div><\/div>\n\n\n\n<h2 class=\"wp-block-heading\" id=\"h-zdrowie-i-pielegnacja\"><strong>Zdrowie i Piel\u0119gnacja<\/strong><\/h2>\n\n\n\n<div style=\"height:35px\" aria-hidden=\"true\" class=\"wp-block-spacer\"><\/div>\n\n\n\n<figure class=\"wp-block-image size-large\"><img decoding=\"async\" width=\"1024\" height=\"683\" src=\"https:\/\/milo.pet\/Blog\/wp-content\/uploads\/2024\/01\/Untitled-design-2024-01-16T201354.000-1-1024x683.jpg\" alt=\"Radosny Wy\u017ce\u0142 weimarski kr\u00f3tkow\u0142osy odpoczywaj\u0105cy na \u0142\u0105ce w\u015br\u00f3d wysokiej trawy.\" class=\"wp-image-4633\" srcset=\"https:\/\/milo.pet\/Blog\/wp-content\/uploads\/2024\/01\/Untitled-design-2024-01-16T201354.000-1-1024x683.jpg 1024w, https:\/\/milo.pet\/Blog\/wp-content\/uploads\/2024\/01\/Untitled-design-2024-01-16T201354.000-1-300x200.jpg 300w, https:\/\/milo.pet\/Blog\/wp-content\/uploads\/2024\/01\/Untitled-design-2024-01-16T201354.000-1-768x512.jpg 768w, https:\/\/milo.pet\/Blog\/wp-content\/uploads\/2024\/01\/Untitled-design-2024-01-16T201354.000-1.jpg 1200w\" sizes=\"(max-width: 1024px) 100vw, 1024px\" \/><\/figure>\n\n\n\n<div style=\"height:35px\" aria-hidden=\"true\" class=\"wp-block-spacer\"><\/div>\n\n\n\n<h3 class=\"wp-block-heading\" id=\"h-zdrowie\"><strong>Zdrowie:<\/strong><\/h3>\n\n\n\n<div style=\"height:35px\" aria-hidden=\"true\" class=\"wp-block-spacer\"><\/div>\n\n\n\n<ol class=\"wp-block-list\">\n<li><strong>Potencjalne Problemy Zdrowotne:<\/strong> Wy\u017c\u0142y weimarskie kr\u00f3tkow\u0142ose mog\u0105 by\u0107 podatne na dysplazj\u0119 stawu biodrowego, problemy z sercem oraz niekt\u00f3re schorzenia sk\u00f3rne i \u017co\u0142\u0105dkowe. Regularne wizyty u weterynarza i odpowiednia opieka s\u0105 kluczowe do wczesnego wykrywania i leczenia tych problem\u00f3w.<\/li>\n\n\n\n<li><strong>Dieta i Aktywno\u015b\u0107 Fizyczna:<\/strong> Zdrowa dieta dostosowana do poziomu aktywno\u015bci oraz regularna aktywno\u015b\u0107 fizyczna s\u0105 niezb\u0119dne do utrzymania dobrego stanu zdrowia wy\u017c\u0142a weimarskiego. Warto dba\u0107 o zbilansowane posi\u0142ki bogate w bia\u0142ko i t\u0142uszcze, a tak\u017ce zapewni\u0107 psu odpowiedni\u0105 ilo\u015b\u0107 ruchu.<\/li>\n\n\n\n<li><strong>Zdrowie Psychiczne i Stymulacja Umys\u0142u:<\/strong> Opr\u00f3cz dba\u0142o\u015bci o zdrowie fizyczne, wa\u017cna jest r\u00f3wnie\u017c troska o zdrowie psychiczne wy\u017c\u0142a. Intelektualna stymulacja poprzez szkolenie, gry umys\u0142owe i interaktywne zabawy s\u0105 wa\u017cne dla unikni\u0119cia nudno\u015bci i zachowa\u0144 destrukcyjnych.<\/li>\n<\/ol>\n\n\n\n<div style=\"height:35px\" aria-hidden=\"true\" class=\"wp-block-spacer\"><\/div>\n\n\n\n<h3 class=\"wp-block-heading\" id=\"h-pielegnacja\"><strong>Piel\u0119gnacja:<\/strong><\/h3>\n\n\n\n<div style=\"height:35px\" aria-hidden=\"true\" class=\"wp-block-spacer\"><\/div>\n\n\n\n<ol class=\"wp-block-list\">\n<li><strong>Piel\u0119gnacja Sier\u015bci:<\/strong> Sier\u015b\u0107 wy\u017c\u0142a weimarskiego jest kr\u00f3tka i g\u0119sta, wymaga minimalnej piel\u0119gnacji. Regularne szczotkowanie, najlepiej raz w tygodniu, oraz okazjonalne k\u0105piele wystarcz\u0105, aby utrzyma\u0107 sier\u015b\u0107 w dobrym stanie i ograniczy\u0107 linienie.<\/li>\n\n\n\n<li><strong>Higiena i Zdrowie Sk\u00f3ry:<\/strong> Opr\u00f3cz piel\u0119gnacji sier\u015bci, wa\u017cna jest tak\u017ce dba\u0142o\u015b\u0107 o og\u00f3ln\u0105 higien\u0119 psa, w tym regularne przycinanie pazur\u00f3w, czyszczenie uszu i dba\u0142o\u015b\u0107 o z\u0119by, aby zapobiega\u0107 problemom z jam\u0105 ustn\u0105.<\/li>\n\n\n\n<li><strong>Komfortowe Warunki \u017bycia:<\/strong> Zapewnienie wygodnego i bezpiecznego miejsca do spania, dost\u0119pu do czystej wody oraz odpowiednich warunk\u00f3w \u017cycia s\u0105 istotne dla utrzymania dobrej kondycji fizycznej i psychicznej wy\u017c\u0142a weimarskiego kr\u00f3tkow\u0142osego.&#8221;<\/li>\n<\/ol>\n\n\n\n<div style=\"height:35px\" aria-hidden=\"true\" class=\"wp-block-spacer\"><\/div>\n\n\n\n<h2 class=\"wp-block-heading\" id=\"h-trening-i-wychowanie\"><strong>Trening i Wychowanie<\/strong><\/h2>\n\n\n\n<div style=\"height:35px\" aria-hidden=\"true\" class=\"wp-block-spacer\"><\/div>\n\n\n\n<figure class=\"wp-block-image size-large\"><img loading=\"lazy\" decoding=\"async\" width=\"1024\" height=\"683\" src=\"https:\/\/milo.pet\/Blog\/wp-content\/uploads\/2024\/01\/Untitled-design-2024-01-16T201233.852-2-1024x683.jpg\" alt=\"Aktywny Wy\u017ce\u0142 weimarski kr\u00f3tkow\u0142osy bawi\u0105cy si\u0119 na trawniku z zabawk\u0105 w pysku.\" class=\"wp-image-4631\" srcset=\"https:\/\/milo.pet\/Blog\/wp-content\/uploads\/2024\/01\/Untitled-design-2024-01-16T201233.852-2-1024x683.jpg 1024w, https:\/\/milo.pet\/Blog\/wp-content\/uploads\/2024\/01\/Untitled-design-2024-01-16T201233.852-2-300x200.jpg 300w, https:\/\/milo.pet\/Blog\/wp-content\/uploads\/2024\/01\/Untitled-design-2024-01-16T201233.852-2-768x512.jpg 768w, https:\/\/milo.pet\/Blog\/wp-content\/uploads\/2024\/01\/Untitled-design-2024-01-16T201233.852-2.jpg 1200w\" sizes=\"(max-width: 1024px) 100vw, 1024px\" \/><\/figure>\n\n\n\n<div style=\"height:35px\" aria-hidden=\"true\" class=\"wp-block-spacer\"><\/div>\n\n\n\n<ol class=\"wp-block-list\">\n<li><strong>Podstawy Wczesnego Szkolenia:<\/strong> Wy\u017ce\u0142 weimarski kr\u00f3tkow\u0142osy, b\u0119d\u0105c inteligentnym i ch\u0119tnym do nauki psem, reaguje dobrze na wczesne szkolenie. Kluczowe jest rozpocz\u0119cie treningu pos\u0142usze\u0144stwa ju\u017c od szczeni\u0119cego wieku, co pomaga w ukszta\u0142towaniu dobrych nawyk\u00f3w i zachowa\u0144. Podstawowe komendy takie jak 'siad&#8217;, 'le\u017ce\u0107&#8217;, 'przy mnie&#8217;, i 'zosta\u0144&#8217; s\u0105 fundamentem dla dalszego zaawansowanego treningu.<\/li>\n\n\n\n<li><strong>Konsekwencja i Pozytywne Wzmocnienie:<\/strong> Konsekwentne i pozytywne podej\u015bcie do szkolenia jest niezb\u0119dne. Wy\u017c\u0142y weimarskie reaguj\u0105 najlepiej na metody treningu oparte na pozytywnym wzmocnieniu, takie jak nagradzanie smako\u0142ykami, pochwa\u0142ami lub zabaw\u0105 za dobre zachowanie. Unikanie karania i negatywnych technik wychowawczych jest kluczowe dla budowania zaufania i dobrych relacji z psem.<\/li>\n\n\n\n<li><strong>Socjalizacja i Adaptacja:<\/strong> Socjalizacja szczeni\u0105t jest niezwykle wa\u017cna, aby zapewni\u0107, \u017ce pies dorasta zdrowo pod wzgl\u0119dem psychicznym i jest dobrze przystosowany do r\u00f3\u017cnych \u015brodowisk i sytuacji. Wprowadzanie psa do r\u00f3\u017cnorodnych ludzi, zwierz\u0105t, miejsc i d\u017awi\u0119k\u00f3w od m\u0142odego wieku pomo\u017ce unikn\u0105\u0107 przysz\u0142ych problem\u00f3w z l\u0119kiem czy agresj\u0105.<\/li>\n\n\n\n<li><strong>Aktywno\u015b\u0107 Fizyczna i Umys\u0142owa:<\/strong> Wy\u017c\u0142y weimarskie potrzebuj\u0105 regularnej aktywno\u015bci fizycznej i umys\u0142owej. \u0106wiczenia takie jak bieganie, p\u0142ywanie, a tak\u017ce zabawy wymagaj\u0105ce my\u015blenia, jak trening agility czy szukanie ukrytych przedmiot\u00f3w, s\u0105 \u015bwietne dla tej rasy. Aktywno\u015bci te nie tylko zapewniaj\u0105 niezb\u0119dny ruch, ale r\u00f3wnie\u017c pomagaj\u0105 w utrzymaniu psa w dobrej kondycji psychicznej.<\/li>\n<\/ol>\n\n\n\n<div class=\"wp-block-group is-layout-constrained wp-block-group-is-layout-constrained\"><div class=\"wp-block-group__inner-container\">\n<p class=\"has-black-color has-text-color has-background has-link-color wp-elements-386007a5d2243a16c4b9c104114eeef4\" style=\"background-color:#d1d1d1\"><a href=\"https:\/\/milo.pet\/Blog\/2023\/09\/20\/podstawy-szkolenia-psa\/\" target=\"_blank\" rel=\"noreferrer noopener\"><strong>Zobacz:<\/strong> Podstawy szkolenia psa<\/a><\/p>\n<\/div><\/div>\n\n\n\n<h2 class=\"wp-block-heading\" id=\"h-wyzel-weimarski-krotkowlosy-w-rodzinie\"><strong>Wy\u017ce\u0142 Weimarski Kr\u00f3tkow\u0142osy w Rodzinie<\/strong><\/h2>\n\n\n\n<div style=\"height:35px\" aria-hidden=\"true\" class=\"wp-block-spacer\"><\/div>\n\n\n\n<figure class=\"wp-block-image size-large\"><img loading=\"lazy\" decoding=\"async\" width=\"1024\" height=\"683\" src=\"https:\/\/milo.pet\/Blog\/wp-content\/uploads\/2024\/01\/Untitled-design-2024-01-16T201311.901-1-1024x683.jpg\" alt=\"Szczeniak wy\u017c\u0142a weimarskiego okazuj\u0105cy rado\u015b\u0107 podczas zabawy z w\u0142a\u015bcicielem.\" class=\"wp-image-4632\" srcset=\"https:\/\/milo.pet\/Blog\/wp-content\/uploads\/2024\/01\/Untitled-design-2024-01-16T201311.901-1-1024x683.jpg 1024w, https:\/\/milo.pet\/Blog\/wp-content\/uploads\/2024\/01\/Untitled-design-2024-01-16T201311.901-1-300x200.jpg 300w, https:\/\/milo.pet\/Blog\/wp-content\/uploads\/2024\/01\/Untitled-design-2024-01-16T201311.901-1-768x512.jpg 768w, https:\/\/milo.pet\/Blog\/wp-content\/uploads\/2024\/01\/Untitled-design-2024-01-16T201311.901-1.jpg 1200w\" sizes=\"(max-width: 1024px) 100vw, 1024px\" \/><\/figure>\n\n\n\n<div style=\"height:35px\" aria-hidden=\"true\" class=\"wp-block-spacer\"><\/div>\n\n\n\n<ol class=\"wp-block-list\">\n<li><strong>Przywi\u0105zanie do Cz\u0142onk\u00f3w Rodziny:<\/strong> Wy\u017ce\u0142 weimarski kr\u00f3tkow\u0142osy jest znanym z silnego przywi\u0105zania do swojej rodziny. Te psy cz\u0119sto wykazuj\u0105 du\u017c\u0105 lojalno\u015b\u0107 i g\u0142\u0119bokie wi\u0119zi emocjonalne z poszczeg\u00f3lnymi cz\u0142onkami rodziny. S\u0105 towarzyskie i kochaj\u0105 by\u0107 cz\u0119\u015bci\u0105 codziennych aktywno\u015bci domowych, co czyni je doskona\u0142ymi psami rodzinnymi.<\/li>\n\n\n\n<li><strong>Interakcje z Dzie\u0107mi:<\/strong> Wy\u017c\u0142y weimarskie mog\u0105 dobrze dogadywa\u0107 si\u0119 z dzie\u0107mi, zw\u0142aszcza je\u015bli od szczeni\u0119cego wieku s\u0105 odpowiednio socjalizowane i nauczone, jak si\u0119 z nimi obchodzi\u0107. Wa\u017cne jest jednak, aby nadzorowa\u0107 interakcje mi\u0119dzy psami a ma\u0142ymi dzie\u0107mi, aby zapewni\u0107 bezpiecze\u0144stwo zar\u00f3wno dzieciom, jak i psu.<\/li>\n\n\n\n<li><strong>Relacje z Innymi Zwierz\u0119tami Domowymi:<\/strong> Ze wzgl\u0119du na silny instynkt \u0142owiecki, wy\u017ce\u0142 weimarski kr\u00f3tkow\u0142osy mo\u017ce wykazywa\u0107 tendencje do gonienia mniejszych zwierz\u0105t. Dlatego wa\u017cna jest odpowiednia socjalizacja i trening, aby nauczy\u0107 psa odpowiednich zachowa\u0144 w obecno\u015bci innych zwierz\u0105t domowych.<\/li>\n\n\n\n<li><strong>Aktywno\u015b\u0107 i Wsp\u00f3lne Sp\u0119dzanie Czasu:<\/strong> Jako rasa aktywna, wy\u017c\u0142y weimarskie czerpi\u0105 du\u017c\u0105 rado\u015b\u0107 z aktywnego sp\u0119dzania czasu z rodzin\u0105. Wsp\u00f3lne spacery, wycieczki, a nawet sporty z psem mog\u0105 by\u0107 doskona\u0142\u0105 okazj\u0105 do zacie\u015bniania wi\u0119zi i zapewnienia psu niezb\u0119dnej stymulacji fizycznej i psychicznej.<\/li>\n\n\n\n<li><strong>Odpowiedzialno\u015b\u0107 i Zaanga\u017cowanie:<\/strong> Przyj\u0119cie wy\u017c\u0142a weimarskiego kr\u00f3tkow\u0142osego do rodziny to zobowi\u0105zanie, kt\u00f3re wymaga odpowiedzialno\u015bci i zaanga\u017cowania. Opieka nad psem, zapewnienie mu odpowiedniego treningu, socjalizacji, aktywno\u015bci fizycznej i zdrowego \u015brodowiska to kluczowe elementy, aby wy\u017ce\u0142 m\u00f3g\u0142 by\u0107 szcz\u0119\u015bliwym i zdrowym cz\u0142onkiem rodziny.<\/li>\n<\/ol>\n\n\n\n<div style=\"height:35px\" aria-hidden=\"true\" class=\"wp-block-spacer\"><\/div>\n\n\n\n<p>Wy\u017ce\u0142 weimarski kr\u00f3tkow\u0142osy jest ras\u0105, kt\u00f3ra z pewno\u015bci\u0105 wnosi wiele rado\u015bci i energii do \u017cycia swoich w\u0142a\u015bcicieli. Z jego niezwyk\u0142\u0105 inteligencj\u0105, lojalno\u015bci\u0105 i wszechstronno\u015bci\u0105, ta rasa stanowi doskona\u0142ego towarzysza dla aktywnych os\u00f3b i rodzin. Dzi\u0119ki swojej elegancji, wytrzyma\u0142o\u015bci i przyjaznemu charakterowi, wy\u017ce\u0142 weimarski kr\u00f3tkow\u0142osy zas\u0142uguje na miano nie tylko doskona\u0142ego psa my\u015bliwskiego, ale r\u00f3wnie\u017c kochaj\u0105cego cz\u0142onka rodziny.<\/p>\n\n\n\n<div style=\"height:38px\" aria-hidden=\"true\" class=\"wp-block-spacer\"><\/div>\n\n\n\n<p style=\"font-size:29px\">Cz\u0119sto zadawane pytania<\/p>\n\n\n\n<div style=\"height:37px\" aria-hidden=\"true\" class=\"wp-block-spacer\"><\/div>\n\n\n\n<h3 class=\"wp-block-heading\" id=\"h-czy-wyzel-weimarski-dobrze-znosi-samotnosc\">Czy wy\u017ce\u0142 weimarski dobrze znosi samotno\u015b\u0107?<\/h3>\n\n\n\n<div style=\"height:20px\" aria-hidden=\"true\" class=\"wp-block-spacer\"><\/div>\n\n\n\n<p>Nie \u2013 to rasa bardzo przywi\u0105zana do ludzi. D\u0142ugie godziny samotno\u015bci mog\u0105 prowadzi\u0107 do l\u0119ku separacyjnego i destrukcyjnych zachowa\u0144.<\/p>\n\n\n\n<div style=\"height:20px\" aria-hidden=\"true\" class=\"wp-block-spacer\"><\/div>\n\n\n\n<h3 class=\"wp-block-heading\" id=\"h-czy-ten-pies-nadaje-sie-do-mieszkania-w-bloku\">Czy ten pies nadaje si\u0119 do mieszkania w bloku?<\/h3>\n\n\n\n<div style=\"height:20px\" aria-hidden=\"true\" class=\"wp-block-spacer\"><\/div>\n\n\n\n<p>Tak, pod warunkiem zapewnienia codziennej intensywnej aktywno\u015bci fizycznej i umys\u0142owej. Brak ruchu mo\u017ce prowadzi\u0107 do frustracji.<\/p>\n\n\n\n<div style=\"height:20px\" aria-hidden=\"true\" class=\"wp-block-spacer\"><\/div>\n\n\n\n<h3 class=\"wp-block-heading\" id=\"h-jakie-ubezpieczenie-zdrowotne-warto-rozwazyc-dla-tej-rasy\">Jakie ubezpieczenie zdrowotne warto rozwa\u017cy\u0107 dla tej rasy?<\/h3>\n\n\n\n<div style=\"height:20px\" aria-hidden=\"true\" class=\"wp-block-spacer\"><\/div>\n\n\n\n<p>Ze wzgl\u0119du na ryzyko dysplazji i problem\u00f3w gastrycznych, warto wybra\u0107 pakiet obejmuj\u0105cy ortopedi\u0119 i leczenie nag\u0142ych przypadk\u00f3w.<\/p>\n\n\n\n<h3 class=\"wp-block-heading\" id=\"h-czy-wyzly-weimarskie-nadaja-sie-dla-poczatkujacych-wlascicieli-psow\">Czy wy\u017c\u0142y weimarskie nadaj\u0105 si\u0119 dla pocz\u0105tkuj\u0105cych w\u0142a\u015bcicieli ps\u00f3w?<\/h3>\n\n\n\n<div style=\"height:20px\" aria-hidden=\"true\" class=\"wp-block-spacer\"><\/div>\n\n\n\n<p>Raczej nie. Wymagaj\u0105 do\u015bwiadczonego opiekuna, kt\u00f3ry zapewni im odpowiedni trening, konsekwencj\u0119 i du\u017c\u0105 ilo\u015b\u0107 ruchu.<\/p>\n","protected":false},"excerpt":{"rendered":"<p>W \u015bwiecie ps\u00f3w rasowych, niewiele ras mo\u017ce dor\u00f3wna\u0107 wy\u017c\u0142owi weimarskiemu kr\u00f3tkow\u0142osemu pod wzgl\u0119dem elegancji, inteligencji i wszechstronno\u015bci. Pochodz\u0105cy z Niemiec, wy\u017ce\u0142 weimarski jest uosobieniem \u0142owczego psa, a jego kr\u00f3tkow\u0142osa odmiana wyr\u00f3\u017cnia si\u0119 nie tylko zdolno\u015bciami my\u015bliwskimi, ale tak\u017ce niezwyk\u0142\u0105 urod\u0105. Historia i Pochodzenie Zobacz: Na co zwraca\u0107 uwag\u0119 przy wyborze hodowli ps\u00f3w? Temperament Zobacz: Socjalizacja &hellip;<\/p>\n<p class=\"read-more\"> <a class=\"\" href=\"https:\/\/milo.pet\/Blog\/wyzel-weimarski-krotkowlosy\/\"> <span class=\"screen-reader-text\">Wy\u017ce\u0142 weimarski kr\u00f3tkow\u0142osy<\/span> Read More &raquo;<\/a><\/p>\n","protected":false},"author":1,"featured_media":5896,"comment_status":"closed","ping_status":"open","sticky":false,"template":"","format":"standard","meta":{"_acf_changed":false,"_uag_custom_page_level_css":"","site-sidebar-layout":"default","site-content-layout":"","ast-site-content-layout":"default","site-content-style":"default","site-sidebar-style":"default","ast-global-header-display":"","ast-banner-title-visibility":"","ast-main-header-display":"","ast-hfb-above-header-display":"","ast-hfb-below-header-display":"","ast-hfb-mobile-header-display":"","site-post-title":"","ast-breadcrumbs-content":"","ast-featured-img":"","footer-sml-layout":"","theme-transparent-header-meta":"","adv-header-id-meta":"","stick-header-meta":"","header-above-stick-meta":"","header-main-stick-meta":"","header-below-stick-meta":"","astra-migrate-meta-layouts":"set","ast-page-background-enabled":"default","ast-page-background-meta":{"desktop":{"background-color":"var(--ast-global-color-4)","background-image":"","background-repeat":"repeat","background-position":"center center","background-size":"auto","background-attachment":"scroll","background-type":"","background-media":"","overlay-type":"","overlay-color":"","overlay-gradient":""},"tablet":{"background-color":"","background-image":"","background-repeat":"repeat","background-position":"center center","background-size":"auto","background-attachment":"scroll","background-type":"","background-media":"","overlay-type":"","overlay-color":"","overlay-gradient":""},"mobile":{"background-color":"","background-image":"","background-repeat":"repeat","background-position":"center center","background-size":"auto","background-attachment":"scroll","background-type":"","background-media":"","overlay-type":"","overlay-color":"","overlay-gradient":""}},"ast-content-background-meta":{"desktop":{"background-color":"var(--ast-global-color-5)","background-image":"","background-repeat":"repeat","background-position":"center center","background-size":"auto","background-attachment":"scroll","background-type":"","background-media":"","overlay-type":"","overlay-color":"","overlay-gradient":""},"tablet":{"background-color":"var(--ast-global-color-5)","background-image":"","background-repeat":"repeat","background-position":"center center","background-size":"auto","background-attachment":"scroll","background-type":"","background-media":"","overlay-type":"","overlay-color":"","overlay-gradient":""},"mobile":{"background-color":"var(--ast-global-color-5)","background-image":"","background-repeat":"repeat","background-position":"center center","background-size":"auto","background-attachment":"scroll","background-type":"","background-media":"","overlay-type":"","overlay-color":"","overlay-gradient":""}},"footnotes":""},"categories":[42,46],"tags":[],"class_list":["post-4625","post","type-post","status-publish","format-standard","has-post-thumbnail","hentry","category-rasy-psow","category-rasy-zwierzat"],"acf":[],"yoast_head":"<!-- This site is optimized with the Yoast SEO Premium plugin v24.6 (Yoast SEO v24.6) - https:\/\/yoast.com\/wordpress\/plugins\/seo\/ -->\n<title>Wy\u017ce\u0142 weimarski kr\u00f3tkow\u0142osy - opis rasy<\/title>\n<meta name=\"description\" content=\"Wy\u017ce\u0142 weimarski kr\u00f3tkow\u0142osy to elegancki, aktywny i inteligentny pies my\u015bliwski. Poznaj jego charakter, potrzeby oraz idealne warunki \u017cycia.\" \/>\n<meta name=\"robots\" content=\"index, follow, max-snippet:-1, max-image-preview:large, max-video-preview:-1\" \/>\n<link rel=\"canonical\" href=\"https:\/\/milo.pet\/Blog\/wyzel-weimarski-krotkowlosy\/\" \/>\n<meta property=\"og:locale\" content=\"pl_PL\" \/>\n<meta property=\"og:type\" content=\"article\" \/>\n<meta property=\"og:title\" content=\"Wy\u017ce\u0142 weimarski kr\u00f3tkow\u0142osy\" \/>\n<meta property=\"og:description\" content=\"Wy\u017ce\u0142 weimarski kr\u00f3tkow\u0142osy to elegancki, aktywny i inteligentny pies my\u015bliwski. Poznaj jego charakter, potrzeby oraz idealne warunki \u017cycia.\" \/>\n<meta property=\"og:url\" content=\"https:\/\/milo.pet\/Blog\/wyzel-weimarski-krotkowlosy\/\" \/>\n<meta property=\"og:site_name\" content=\"Milo.pet\" \/>\n<meta property=\"article:published_time\" content=\"2024-01-16T19:09:32+00:00\" \/>\n<meta property=\"article:modified_time\" content=\"2025-05-06T17:45:34+00:00\" \/>\n<meta property=\"og:image\" content=\"https:\/\/milo.pet\/Blog\/wp-content\/uploads\/2024\/01\/Wyzel-weimarski-krotkowlosy.webp\" \/>\n\t<meta property=\"og:image:width\" content=\"2100\" \/>\n\t<meta property=\"og:image:height\" content=\"1360\" \/>\n\t<meta property=\"og:image:type\" content=\"image\/webp\" \/>\n<meta name=\"author\" content=\"Patrycja Nowak\" \/>\n<meta name=\"twitter:card\" content=\"summary_large_image\" \/>\n<meta name=\"twitter:label1\" content=\"Written by\" \/>\n\t<meta name=\"twitter:data1\" content=\"Patrycja Nowak\" \/>\n\t<meta name=\"twitter:label2\" content=\"Est. reading time\" \/>\n\t<meta name=\"twitter:data2\" content=\"9 minut\" \/>\n<script type=\"application\/ld+json\" class=\"yoast-schema-graph\">{\"@context\":\"https:\/\/schema.org\",\"@graph\":[{\"@type\":\"Article\",\"@id\":\"https:\/\/milo.pet\/Blog\/wyzel-weimarski-krotkowlosy\/#article\",\"isPartOf\":{\"@id\":\"https:\/\/milo.pet\/Blog\/wyzel-weimarski-krotkowlosy\/\"},\"author\":{\"name\":\"Patrycja Nowak\",\"@id\":\"https:\/\/milo.pet\/Blog\/#\/schema\/person\/17bcd931b79f17d8453b85991012a6a3\"},\"headline\":\"Wy\u017ce\u0142 weimarski kr\u00f3tkow\u0142osy\",\"datePublished\":\"2024-01-16T19:09:32+00:00\",\"dateModified\":\"2025-05-06T17:45:34+00:00\",\"mainEntityOfPage\":{\"@id\":\"https:\/\/milo.pet\/Blog\/wyzel-weimarski-krotkowlosy\/\"},\"wordCount\":1521,\"publisher\":{\"@id\":\"https:\/\/milo.pet\/Blog\/#organization\"},\"image\":{\"@id\":\"https:\/\/milo.pet\/Blog\/wyzel-weimarski-krotkowlosy\/#primaryimage\"},\"thumbnailUrl\":\"https:\/\/milo.pet\/Blog\/wp-content\/uploads\/2024\/01\/Wyzel-weimarski-krotkowlosy.webp\",\"articleSection\":[\"Rasy ps\u00f3w\",\"Rasy zwierz\u0105t\"],\"inLanguage\":\"pl-PL\"},{\"@type\":\"WebPage\",\"@id\":\"https:\/\/milo.pet\/Blog\/wyzel-weimarski-krotkowlosy\/\",\"url\":\"https:\/\/milo.pet\/Blog\/wyzel-weimarski-krotkowlosy\/\",\"name\":\"Wy\u017ce\u0142 weimarski kr\u00f3tkow\u0142osy - opis rasy\",\"isPartOf\":{\"@id\":\"https:\/\/milo.pet\/Blog\/#website\"},\"primaryImageOfPage\":{\"@id\":\"https:\/\/milo.pet\/Blog\/wyzel-weimarski-krotkowlosy\/#primaryimage\"},\"image\":{\"@id\":\"https:\/\/milo.pet\/Blog\/wyzel-weimarski-krotkowlosy\/#primaryimage\"},\"thumbnailUrl\":\"https:\/\/milo.pet\/Blog\/wp-content\/uploads\/2024\/01\/Wyzel-weimarski-krotkowlosy.webp\",\"datePublished\":\"2024-01-16T19:09:32+00:00\",\"dateModified\":\"2025-05-06T17:45:34+00:00\",\"description\":\"Wy\u017ce\u0142 weimarski kr\u00f3tkow\u0142osy to elegancki, aktywny i inteligentny pies my\u015bliwski. Poznaj jego charakter, potrzeby oraz idealne warunki \u017cycia.\",\"breadcrumb\":{\"@id\":\"https:\/\/milo.pet\/Blog\/wyzel-weimarski-krotkowlosy\/#breadcrumb\"},\"inLanguage\":\"pl-PL\",\"potentialAction\":[{\"@type\":\"ReadAction\",\"target\":[\"https:\/\/milo.pet\/Blog\/wyzel-weimarski-krotkowlosy\/\"]}]},{\"@type\":\"ImageObject\",\"inLanguage\":\"pl-PL\",\"@id\":\"https:\/\/milo.pet\/Blog\/wyzel-weimarski-krotkowlosy\/#primaryimage\",\"url\":\"https:\/\/milo.pet\/Blog\/wp-content\/uploads\/2024\/01\/Wyzel-weimarski-krotkowlosy.webp\",\"contentUrl\":\"https:\/\/milo.pet\/Blog\/wp-content\/uploads\/2024\/01\/Wyzel-weimarski-krotkowlosy.webp\",\"width\":2100,\"height\":1360,\"caption\":\"Wyz\u0307e\u0142 weimarski kro\u0301tkow\u0142osy wpatrzony w co\u015b w oddali\"},{\"@type\":\"BreadcrumbList\",\"@id\":\"https:\/\/milo.pet\/Blog\/wyzel-weimarski-krotkowlosy\/#breadcrumb\",\"itemListElement\":[{\"@type\":\"ListItem\",\"position\":1,\"name\":\"Home\",\"item\":\"https:\/\/milo.pet\/Blog\/\"},{\"@type\":\"ListItem\",\"position\":2,\"name\":\"Wy\u017ce\u0142 weimarski kr\u00f3tkow\u0142osy\"}]},{\"@type\":\"WebSite\",\"@id\":\"https:\/\/milo.pet\/Blog\/#website\",\"url\":\"https:\/\/milo.pet\/Blog\/\",\"name\":\"Milo.pet\",\"description\":\"Blog\",\"publisher\":{\"@id\":\"https:\/\/milo.pet\/Blog\/#organization\"},\"potentialAction\":[{\"@type\":\"SearchAction\",\"target\":{\"@type\":\"EntryPoint\",\"urlTemplate\":\"https:\/\/milo.pet\/Blog\/?s={search_term_string}\"},\"query-input\":{\"@type\":\"PropertyValueSpecification\",\"valueRequired\":true,\"valueName\":\"search_term_string\"}}],\"inLanguage\":\"pl-PL\"},{\"@type\":\"Organization\",\"@id\":\"https:\/\/milo.pet\/Blog\/#organization\",\"name\":\"Milo.pet\",\"url\":\"https:\/\/milo.pet\/Blog\/\",\"logo\":{\"@type\":\"ImageObject\",\"inLanguage\":\"pl-PL\",\"@id\":\"https:\/\/milo.pet\/Blog\/#\/schema\/logo\/image\/\",\"url\":\"https:\/\/milo.pet\/Blog\/wp-content\/uploads\/2023\/09\/cropped-MiloPET-logo-1.png\",\"contentUrl\":\"https:\/\/milo.pet\/Blog\/wp-content\/uploads\/2023\/09\/cropped-MiloPET-logo-1.png\",\"width\":1998,\"height\":1419,\"caption\":\"Milo.pet\"},\"image\":{\"@id\":\"https:\/\/milo.pet\/Blog\/#\/schema\/logo\/image\/\"}},{\"@type\":\"Person\",\"@id\":\"https:\/\/milo.pet\/Blog\/#\/schema\/person\/17bcd931b79f17d8453b85991012a6a3\",\"name\":\"Patrycja Nowak\",\"image\":{\"@type\":\"ImageObject\",\"inLanguage\":\"pl-PL\",\"@id\":\"https:\/\/milo.pet\/Blog\/#\/schema\/person\/image\/\",\"url\":\"https:\/\/secure.gravatar.com\/avatar\/51d419d7a5a1cfc8e9054fcccb2678a105d0cb73af4acbf6a99ad9e72a6ba9a3?s=96&d=mm&r=g\",\"contentUrl\":\"https:\/\/secure.gravatar.com\/avatar\/51d419d7a5a1cfc8e9054fcccb2678a105d0cb73af4acbf6a99ad9e72a6ba9a3?s=96&d=mm&r=g\",\"caption\":\"Patrycja Nowak\"},\"description\":\"Trenerka ps\u00f3w. Pomagam opiekunom zrozumie\u0107 potrzeby ich pupili, buduj\u0105c harmonijn\u0105 relacj\u0119 opart\u0105 na zaufaniu i pozytywnym wzmocnieniu.\",\"sameAs\":[\"http:\/\/milo.pet\/Blog\"],\"url\":\"https:\/\/milo.pet\/Blog\/author\/arpok\/\"}]}<\/script>\n<!-- \/ Yoast SEO Premium plugin. -->","yoast_head_json":{"title":"Wy\u017ce\u0142 weimarski kr\u00f3tkow\u0142osy - opis rasy","description":"Wy\u017ce\u0142 weimarski kr\u00f3tkow\u0142osy to elegancki, aktywny i inteligentny pies my\u015bliwski. Poznaj jego charakter, potrzeby oraz idealne warunki \u017cycia.","robots":{"index":"index","follow":"follow","max-snippet":"max-snippet:-1","max-image-preview":"max-image-preview:large","max-video-preview":"max-video-preview:-1"},"canonical":"https:\/\/milo.pet\/Blog\/wyzel-weimarski-krotkowlosy\/","og_locale":"pl_PL","og_type":"article","og_title":"Wy\u017ce\u0142 weimarski kr\u00f3tkow\u0142osy","og_description":"Wy\u017ce\u0142 weimarski kr\u00f3tkow\u0142osy to elegancki, aktywny i inteligentny pies my\u015bliwski. Poznaj jego charakter, potrzeby oraz idealne warunki \u017cycia.","og_url":"https:\/\/milo.pet\/Blog\/wyzel-weimarski-krotkowlosy\/","og_site_name":"Milo.pet","article_published_time":"2024-01-16T19:09:32+00:00","article_modified_time":"2025-05-06T17:45:34+00:00","og_image":[{"width":2100,"height":1360,"url":"https:\/\/milo.pet\/Blog\/wp-content\/uploads\/2024\/01\/Wyzel-weimarski-krotkowlosy.webp","type":"image\/webp"}],"author":"Patrycja Nowak","twitter_card":"summary_large_image","twitter_misc":{"Written by":"Patrycja Nowak","Est. reading time":"9 minut"},"schema":{"@context":"https:\/\/schema.org","@graph":[{"@type":"Article","@id":"https:\/\/milo.pet\/Blog\/wyzel-weimarski-krotkowlosy\/#article","isPartOf":{"@id":"https:\/\/milo.pet\/Blog\/wyzel-weimarski-krotkowlosy\/"},"author":{"name":"Patrycja Nowak","@id":"https:\/\/milo.pet\/Blog\/#\/schema\/person\/17bcd931b79f17d8453b85991012a6a3"},"headline":"Wy\u017ce\u0142 weimarski kr\u00f3tkow\u0142osy","datePublished":"2024-01-16T19:09:32+00:00","dateModified":"2025-05-06T17:45:34+00:00","mainEntityOfPage":{"@id":"https:\/\/milo.pet\/Blog\/wyzel-weimarski-krotkowlosy\/"},"wordCount":1521,"publisher":{"@id":"https:\/\/milo.pet\/Blog\/#organization"},"image":{"@id":"https:\/\/milo.pet\/Blog\/wyzel-weimarski-krotkowlosy\/#primaryimage"},"thumbnailUrl":"https:\/\/milo.pet\/Blog\/wp-content\/uploads\/2024\/01\/Wyzel-weimarski-krotkowlosy.webp","articleSection":["Rasy ps\u00f3w","Rasy zwierz\u0105t"],"inLanguage":"pl-PL"},{"@type":"WebPage","@id":"https:\/\/milo.pet\/Blog\/wyzel-weimarski-krotkowlosy\/","url":"https:\/\/milo.pet\/Blog\/wyzel-weimarski-krotkowlosy\/","name":"Wy\u017ce\u0142 weimarski kr\u00f3tkow\u0142osy - opis rasy","isPartOf":{"@id":"https:\/\/milo.pet\/Blog\/#website"},"primaryImageOfPage":{"@id":"https:\/\/milo.pet\/Blog\/wyzel-weimarski-krotkowlosy\/#primaryimage"},"image":{"@id":"https:\/\/milo.pet\/Blog\/wyzel-weimarski-krotkowlosy\/#primaryimage"},"thumbnailUrl":"https:\/\/milo.pet\/Blog\/wp-content\/uploads\/2024\/01\/Wyzel-weimarski-krotkowlosy.webp","datePublished":"2024-01-16T19:09:32+00:00","dateModified":"2025-05-06T17:45:34+00:00","description":"Wy\u017ce\u0142 weimarski kr\u00f3tkow\u0142osy to elegancki, aktywny i inteligentny pies my\u015bliwski. Poznaj jego charakter, potrzeby oraz idealne warunki \u017cycia.","breadcrumb":{"@id":"https:\/\/milo.pet\/Blog\/wyzel-weimarski-krotkowlosy\/#breadcrumb"},"inLanguage":"pl-PL","potentialAction":[{"@type":"ReadAction","target":["https:\/\/milo.pet\/Blog\/wyzel-weimarski-krotkowlosy\/"]}]},{"@type":"ImageObject","inLanguage":"pl-PL","@id":"https:\/\/milo.pet\/Blog\/wyzel-weimarski-krotkowlosy\/#primaryimage","url":"https:\/\/milo.pet\/Blog\/wp-content\/uploads\/2024\/01\/Wyzel-weimarski-krotkowlosy.webp","contentUrl":"https:\/\/milo.pet\/Blog\/wp-content\/uploads\/2024\/01\/Wyzel-weimarski-krotkowlosy.webp","width":2100,"height":1360,"caption":"Wyz\u0307e\u0142 weimarski kro\u0301tkow\u0142osy wpatrzony w co\u015b w oddali"},{"@type":"BreadcrumbList","@id":"https:\/\/milo.pet\/Blog\/wyzel-weimarski-krotkowlosy\/#breadcrumb","itemListElement":[{"@type":"ListItem","position":1,"name":"Home","item":"https:\/\/milo.pet\/Blog\/"},{"@type":"ListItem","position":2,"name":"Wy\u017ce\u0142 weimarski kr\u00f3tkow\u0142osy"}]},{"@type":"WebSite","@id":"https:\/\/milo.pet\/Blog\/#website","url":"https:\/\/milo.pet\/Blog\/","name":"Milo.pet","description":"Blog","publisher":{"@id":"https:\/\/milo.pet\/Blog\/#organization"},"potentialAction":[{"@type":"SearchAction","target":{"@type":"EntryPoint","urlTemplate":"https:\/\/milo.pet\/Blog\/?s={search_term_string}"},"query-input":{"@type":"PropertyValueSpecification","valueRequired":true,"valueName":"search_term_string"}}],"inLanguage":"pl-PL"},{"@type":"Organization","@id":"https:\/\/milo.pet\/Blog\/#organization","name":"Milo.pet","url":"https:\/\/milo.pet\/Blog\/","logo":{"@type":"ImageObject","inLanguage":"pl-PL","@id":"https:\/\/milo.pet\/Blog\/#\/schema\/logo\/image\/","url":"https:\/\/milo.pet\/Blog\/wp-content\/uploads\/2023\/09\/cropped-MiloPET-logo-1.png","contentUrl":"https:\/\/milo.pet\/Blog\/wp-content\/uploads\/2023\/09\/cropped-MiloPET-logo-1.png","width":1998,"height":1419,"caption":"Milo.pet"},"image":{"@id":"https:\/\/milo.pet\/Blog\/#\/schema\/logo\/image\/"}},{"@type":"Person","@id":"https:\/\/milo.pet\/Blog\/#\/schema\/person\/17bcd931b79f17d8453b85991012a6a3","name":"Patrycja Nowak","image":{"@type":"ImageObject","inLanguage":"pl-PL","@id":"https:\/\/milo.pet\/Blog\/#\/schema\/person\/image\/","url":"https:\/\/secure.gravatar.com\/avatar\/51d419d7a5a1cfc8e9054fcccb2678a105d0cb73af4acbf6a99ad9e72a6ba9a3?s=96&d=mm&r=g","contentUrl":"https:\/\/secure.gravatar.com\/avatar\/51d419d7a5a1cfc8e9054fcccb2678a105d0cb73af4acbf6a99ad9e72a6ba9a3?s=96&d=mm&r=g","caption":"Patrycja Nowak"},"description":"Trenerka ps\u00f3w. Pomagam opiekunom zrozumie\u0107 potrzeby ich pupili, buduj\u0105c harmonijn\u0105 relacj\u0119 opart\u0105 na zaufaniu i pozytywnym wzmocnieniu.","sameAs":["http:\/\/milo.pet\/Blog"],"url":"https:\/\/milo.pet\/Blog\/author\/arpok\/"}]}},"uagb_featured_image_src":{"full":["https:\/\/milo.pet\/Blog\/wp-content\/uploads\/2024\/01\/Wyzel-weimarski-krotkowlosy.webp",2100,1360,false],"thumbnail":["https:\/\/milo.pet\/Blog\/wp-content\/uploads\/2024\/01\/Wyzel-weimarski-krotkowlosy-150x150.webp",150,150,true],"medium":["https:\/\/milo.pet\/Blog\/wp-content\/uploads\/2024\/01\/Wyzel-weimarski-krotkowlosy-300x194.webp",300,194,true],"medium_large":["https:\/\/milo.pet\/Blog\/wp-content\/uploads\/2024\/01\/Wyzel-weimarski-krotkowlosy-768x497.webp",768,497,true],"large":["https:\/\/milo.pet\/Blog\/wp-content\/uploads\/2024\/01\/Wyzel-weimarski-krotkowlosy-1024x663.webp",1024,663,true],"1536x1536":["https:\/\/milo.pet\/Blog\/wp-content\/uploads\/2024\/01\/Wyzel-weimarski-krotkowlosy-1536x995.webp",1536,995,true],"2048x2048":["https:\/\/milo.pet\/Blog\/wp-content\/uploads\/2024\/01\/Wyzel-weimarski-krotkowlosy-2048x1326.webp",2048,1326,true]},"uagb_author_info":{"display_name":"Patrycja Nowak","author_link":"https:\/\/milo.pet\/Blog\/author\/arpok\/"},"uagb_comment_info":0,"uagb_excerpt":"W \u015bwiecie ps\u00f3w rasowych, niewiele ras mo\u017ce dor\u00f3wna\u0107 wy\u017c\u0142owi weimarskiemu kr\u00f3tkow\u0142osemu pod wzgl\u0119dem elegancji, inteligencji i wszechstronno\u015bci. Pochodz\u0105cy z Niemiec, wy\u017ce\u0142 weimarski jest uosobieniem \u0142owczego psa, a jego kr\u00f3tkow\u0142osa odmiana wyr\u00f3\u017cnia si\u0119 nie tylko zdolno\u015bciami my\u015bliwskimi, ale tak\u017ce niezwyk\u0142\u0105 urod\u0105. Historia i Pochodzenie Zobacz: Na co zwraca\u0107 uwag\u0119 przy wyborze hodowli ps\u00f3w? Temperament Zobacz: Socjalizacja&hellip;","_links":{"self":[{"href":"https:\/\/milo.pet\/Blog\/wp-json\/wp\/v2\/posts\/4625","targetHints":{"allow":["GET"]}}],"collection":[{"href":"https:\/\/milo.pet\/Blog\/wp-json\/wp\/v2\/posts"}],"about":[{"href":"https:\/\/milo.pet\/Blog\/wp-json\/wp\/v2\/types\/post"}],"author":[{"embeddable":true,"href":"https:\/\/milo.pet\/Blog\/wp-json\/wp\/v2\/users\/1"}],"replies":[{"embeddable":true,"href":"https:\/\/milo.pet\/Blog\/wp-json\/wp\/v2\/comments?post=4625"}],"version-history":[{"count":11,"href":"https:\/\/milo.pet\/Blog\/wp-json\/wp\/v2\/posts\/4625\/revisions"}],"predecessor-version":[{"id":6663,"href":"https:\/\/milo.pet\/Blog\/wp-json\/wp\/v2\/posts\/4625\/revisions\/6663"}],"wp:featuredmedia":[{"embeddable":true,"href":"https:\/\/milo.pet\/Blog\/wp-json\/wp\/v2\/media\/5896"}],"wp:attachment":[{"href":"https:\/\/milo.pet\/Blog\/wp-json\/wp\/v2\/media?parent=4625"}],"wp:term":[{"taxonomy":"category","embeddable":true,"href":"https:\/\/milo.pet\/Blog\/wp-json\/wp\/v2\/categories?post=4625"},{"taxonomy":"post_tag","embeddable":true,"href":"https:\/\/milo.pet\/Blog\/wp-json\/wp\/v2\/tags?post=4625"}],"curies":[{"name":"wp","href":"https:\/\/api.w.org\/{rel}","templated":true}]}}