{"id":7051,"date":"2025-06-06T13:58:41","date_gmt":"2025-06-06T13:58:41","guid":{"rendered":"https:\/\/milo.pet\/Blog\/?p=7051"},"modified":"2025-06-09T06:04:13","modified_gmt":"2025-06-09T06:04:13","slug":"dlaczego-pies-nie-reaguje-na-imie","status":"publish","type":"post","link":"https:\/\/milo.pet\/Blog\/dlaczego-pies-nie-reaguje-na-imie\/","title":{"rendered":"Dlaczego pies nie reaguje na imi\u0119? 5 powod\u00f3w i co z tym zrobi\u0107"},"content":{"rendered":"\n<p>Imi\u0119 psa to jedno z pierwszych s\u0142\u00f3w, jakich go uczymy \u2013 ma by\u0107 sygna\u0142em do skupienia uwagi, podstaw\u0105 dalszej komunikacji, a cz\u0119sto tak\u017ce elementem bezpiecze\u0144stwa. Dlatego wiele os\u00f3b niepokoi si\u0119, gdy ich pies ignoruje swoje imi\u0119, nie reaguje na wo\u0142anie lub zdaje si\u0119 je ca\u0142kowicie pomija\u0107, zw\u0142aszcza poza domem.<\/p>\n\n\n\n<p>Czy to oznacza brak pos\u0142usze\u0144stwa? Niekoniecznie. Przyczyn mo\u017ce by\u0107 kilka \u2013 od b\u0142\u0119d\u00f3w w nauce, przez nie\u015bwiadome dzia\u0142ania opiekuna, a\u017c po stres lub problemy z koncentracj\u0105. W tym artykule wyja\u015bniamy 5 najcz\u0119stszych powod\u00f3w, dla kt\u00f3rych pies nie reaguje na swoje imi\u0119 \u2013 i podpowiadamy, jak to skutecznie naprawi\u0107.<\/p>\n\n\n\n<div style=\"height:20px\" aria-hidden=\"true\" class=\"wp-block-spacer\"><\/div>\n\n\n\n<h2 class=\"wp-block-heading\" id=\"h-imie-nie-kojarzy-sie-z-niczym-pozytywnym\">Imi\u0119 nie kojarzy si\u0119 z niczym pozytywnym<\/h2>\n\n\n\n<div style=\"height:20px\" aria-hidden=\"true\" class=\"wp-block-spacer\"><\/div>\n\n\n\n<figure class=\"wp-block-image size-large\"><img fetchpriority=\"high\" decoding=\"async\" width=\"1024\" height=\"663\" src=\"https:\/\/milo.pet\/Blog\/wp-content\/uploads\/2025\/06\/pies-lezacy-na-smaczkach-1024x663.webp\" alt=\"Pies le\u017c\u0105cy na smaczkach\" class=\"wp-image-7056\" srcset=\"https:\/\/milo.pet\/Blog\/wp-content\/uploads\/2025\/06\/pies-lezacy-na-smaczkach-1024x663.webp 1024w, https:\/\/milo.pet\/Blog\/wp-content\/uploads\/2025\/06\/pies-lezacy-na-smaczkach-300x194.webp 300w, https:\/\/milo.pet\/Blog\/wp-content\/uploads\/2025\/06\/pies-lezacy-na-smaczkach-768x497.webp 768w, https:\/\/milo.pet\/Blog\/wp-content\/uploads\/2025\/06\/pies-lezacy-na-smaczkach.webp 1050w\" sizes=\"(max-width: 1024px) 100vw, 1024px\" \/><\/figure>\n\n\n\n<div style=\"height:20px\" aria-hidden=\"true\" class=\"wp-block-spacer\"><\/div>\n\n\n\n<p>Dla psa imi\u0119 nie jest \u201eetykiet\u0105\u201d, tylko sygna\u0142em \u2013 i tak jak ka\u017cdy sygna\u0142, mo\u017ce kojarzy\u0107 si\u0119 dobrze, neutralnie lub\u2026 nieprzyjemnie. Je\u015bli imi\u0119 psa pada g\u0142\u00f3wnie w sytuacjach, kt\u00f3re dla niego s\u0105 stresuj\u0105ce (\u201e[imi\u0119], NIE!\u201d, \u201e[imi\u0119], zostaw!\u201d, \u201e[imi\u0119], co ty robisz?!\u201d), pies mo\u017ce zacz\u0105\u0107 je ignorowa\u0107, bo kojarzy je z nagan\u0105 lub napi\u0119ciem.<\/p>\n\n\n\n<p>To szczeg\u00f3lnie cz\u0119sty problem u opiekun\u00f3w, kt\u00f3rzy u\u017cywaj\u0105 imienia zamiast komendy lub jako element upomnienia. Dla psa to sygna\u0142 ostrzegawczy, a nie zaproszenie do kontaktu.<\/p>\n\n\n\n<div style=\"height:20px\" aria-hidden=\"true\" class=\"wp-block-spacer\"><\/div>\n\n\n\n<h3 class=\"wp-block-heading\">Co mo\u017cesz zrobi\u0107:<\/h3>\n\n\n\n<div style=\"height:20px\" aria-hidden=\"true\" class=\"wp-block-spacer\"><\/div>\n\n\n\n<ul class=\"wp-block-list\">\n<li>Zacznij na nowo budowa\u0107 pozytywne skojarzenia z imieniem.<\/li>\n\n\n\n<li>Wypowiadaj je spokojnym tonem i <strong>zawsze nagradzaj<\/strong>, gdy pies na nie zareaguje \u2013 spojrzy na Ciebie, podejdzie, poruszy uszami.<\/li>\n\n\n\n<li>\u0106wicz w spokojnym miejscu: m\u00f3w imi\u0119 \u2192 je\u015bli pies zareaguje, pochwal go i daj smako\u0142yk.<\/li>\n\n\n\n<li>Nie \u0142\u0105cz imienia z komendami negatywnymi ani karceniem.<\/li>\n<\/ul>\n\n\n\n<p><strong>Cel:<\/strong> imi\u0119 ma znaczy\u0107 dla psa \u201ehej, to do ciebie \u2013 warto si\u0119 zainteresowa\u0107\u201d.<\/p>\n\n\n\n<div style=\"height:20px\" aria-hidden=\"true\" class=\"wp-block-spacer\"><\/div>\n\n\n\n<h2 class=\"wp-block-heading\" id=\"h-zbyt-czeste-powtarzanie-imienia-bez-znaczenia\">Zbyt cz\u0119ste powtarzanie imienia bez znaczenia<\/h2>\n\n\n\n<div style=\"height:20px\" aria-hidden=\"true\" class=\"wp-block-spacer\"><\/div>\n\n\n\n<p>Wielu opiekun\u00f3w wypowiada imi\u0119 psa dziesi\u0105tki razy dziennie \u2013 cz\u0119sto bez \u017cadnej konkretnej intencji. Przyk\u0142ady? M\u00f3wienie imienia podczas g\u0142askania, w rozmowie z kim\u015b innym, albo powtarzanie go kilka razy pod rz\u0105d (\u201eFado\u2026 Fado! Fado!!\u201d) bez jasnego komunikatu. Dla psa imi\u0119 staje si\u0119 wtedy tylko kolejnym d\u017awi\u0119kiem t\u0142a \u2013 a nie sygna\u0142em do dzia\u0142ania.<\/p>\n\n\n\n<p>W efekcie pies po prostu przestaje zwraca\u0107 na nie uwag\u0119. Nie dlatego, \u017ce jest niepos\u0142uszny, ale dlatego, \u017ce nie wie, \u017ce to co\u015b znaczy.<\/p>\n\n\n\n<div style=\"height:20px\" aria-hidden=\"true\" class=\"wp-block-spacer\"><\/div>\n\n\n\n<h3 class=\"wp-block-heading\">Co mo\u017cesz zrobi\u0107:<\/h3>\n\n\n\n<div style=\"height:20px\" aria-hidden=\"true\" class=\"wp-block-spacer\"><\/div>\n\n\n\n<ul class=\"wp-block-list\">\n<li>U\u017cywaj imienia <strong>tylko wtedy<\/strong>, gdy chcesz uzyska\u0107 reakcj\u0119 \u2013 np. kontakt wzrokowy, podej\u015bcie psa, zatrzymanie si\u0119.<\/li>\n\n\n\n<li>Gdy pies zareaguje \u2013 <strong>natychmiast pochwal<\/strong> lub nagr\u00f3d\u017a go, nawet tylko g\u0142osem (\u201edobry pies!\u201d).<\/li>\n\n\n\n<li>Unikaj bezsensownego powtarzania \u2013 je\u015bli pies nie reaguje po pierwszym razie, zamiast powtarza\u0107 imi\u0119, podejd\u017a i zbuduj reakcj\u0119 od nowa.<\/li>\n\n\n\n<li>Pami\u0119taj: mniej znaczy wi\u0119cej \u2013 imi\u0119 powinno brzmie\u0107 jak zaproszenie, a nie ha\u0142as.<\/li>\n<\/ul>\n\n\n\n<p><strong>Cel:<\/strong> sprawi\u0107, by pies traktowa\u0142 imi\u0119 jak co\u015b wartego uwagi, a nie zignorowania.<\/p>\n\n\n\n<div style=\"height:20px\" aria-hidden=\"true\" class=\"wp-block-spacer\"><\/div>\n\n\n\n<h2 class=\"wp-block-heading\" id=\"h-brak-skupienia-i-nadmiar-bodzcow\">Brak skupienia i nadmiar bod\u017ac\u00f3w<\/h2>\n\n\n\n<div style=\"height:20px\" aria-hidden=\"true\" class=\"wp-block-spacer\"><\/div>\n\n\n\n<p>Pies mo\u017ce \u015bwietnie reagowa\u0107 na swoje imi\u0119 w domu, a zupe\u0142nie je ignorowa\u0107 na spacerze. Dlaczego? Bo otoczenie na zewn\u0105trz jest pe\u0142ne zapach\u00f3w, d\u017awi\u0119k\u00f3w, ruchu i innych ps\u00f3w \u2013 to ogromna ilo\u015b\u0107 bod\u017ac\u00f3w, z kt\u00f3rymi nie\u0142atwo konkurowa\u0107.<\/p>\n\n\n\n<p>Dla psa ka\u017cde \u017ad\u017ab\u0142o trawy, ka\u017cdy li\u015b\u0107 czy zapach mo\u017ce by\u0107 ciekawszy ni\u017c g\u0142os opiekuna. W takich warunkach trudno o koncentracj\u0119, szczeg\u00f3lnie u m\u0142odych, energicznych ps\u00f3w.<\/p>\n\n\n\n<div style=\"height:20px\" aria-hidden=\"true\" class=\"wp-block-spacer\"><\/div>\n\n\n\n<h3 class=\"wp-block-heading\">Co mo\u017cesz zrobi\u0107:<\/h3>\n\n\n\n<div style=\"height:20px\" aria-hidden=\"true\" class=\"wp-block-spacer\"><\/div>\n\n\n\n<ul class=\"wp-block-list\">\n<li><strong>Zacznij \u0107wiczy\u0107 reakcj\u0119 na imi\u0119 w cichym, znanym miejscu<\/strong>, np. w domu lub ogrodzie.<\/li>\n\n\n\n<li>Kiedy pies dobrze reaguje w spokojnych warunkach, <strong>stopniowo wprowadzaj trudniejsze otoczenie<\/strong> \u2013 najpierw na klatce schodowej, potem w spokojnym miejscu na zewn\u0105trz.<\/li>\n\n\n\n<li><strong>U\u017cywaj atrakcyjnych nagr\u00f3d<\/strong> \u2013 smako\u0142yk\u00f3w, kt\u00f3re naprawd\u0119 lubi, zabawki, pochwa\u0142y.<\/li>\n\n\n\n<li>Nie \u0107wicz zbyt d\u0142ugo \u2013 kr\u00f3tka sesja (2\u20133 minuty) ma wi\u0119kszy sens ni\u017c wymuszony trening w rozproszeniu.<\/li>\n<\/ul>\n\n\n\n<p><strong>Cel:<\/strong> nauczy\u0107 psa, \u017ce nawet w trudnym otoczeniu warto zwr\u00f3ci\u0107 uwag\u0119, gdy s\u0142yszy swoje imi\u0119.<\/p>\n\n\n\n<div style=\"height:20px\" aria-hidden=\"true\" class=\"wp-block-spacer\"><\/div>\n\n\n\n<h2 class=\"wp-block-heading\" id=\"h-zbyt-wysoki-poziom-emocji-lub-stres\">Zbyt wysoki poziom emocji lub stres<\/h2>\n\n\n\n<div style=\"height:20px\" aria-hidden=\"true\" class=\"wp-block-spacer\"><\/div>\n\n\n\n<figure class=\"wp-block-image size-large\"><img decoding=\"async\" width=\"1024\" height=\"663\" src=\"https:\/\/milo.pet\/Blog\/wp-content\/uploads\/2025\/06\/zestresowany-pies-1024x663.webp\" alt=\"Zestresowany pies\" class=\"wp-image-7055\" srcset=\"https:\/\/milo.pet\/Blog\/wp-content\/uploads\/2025\/06\/zestresowany-pies-1024x663.webp 1024w, https:\/\/milo.pet\/Blog\/wp-content\/uploads\/2025\/06\/zestresowany-pies-300x194.webp 300w, https:\/\/milo.pet\/Blog\/wp-content\/uploads\/2025\/06\/zestresowany-pies-768x497.webp 768w, https:\/\/milo.pet\/Blog\/wp-content\/uploads\/2025\/06\/zestresowany-pies.webp 1050w\" sizes=\"(max-width: 1024px) 100vw, 1024px\" \/><\/figure>\n\n\n\n<div style=\"height:20px\" aria-hidden=\"true\" class=\"wp-block-spacer\"><\/div>\n\n\n\n<p>Czasem pies ignoruje swoje imi\u0119 nie dlatego, \u017ce go nie zna, ale dlatego, \u017ce w danej chwili <strong>nie jest w stanie zareagowa\u0107<\/strong>. W silnym pobudzeniu emocjonalnym \u2013 np. w sytuacji l\u0119ku, ekscytacji, frustracji lub paniki \u2013 pies mo\u017ce \u201eod\u0142\u0105czy\u0107 si\u0119\u201d od otoczenia. To naturalna reakcja uk\u0142adu nerwowego: w stresie priorytetem jest przetrwanie, nie s\u0142uchanie polece\u0144.<\/p>\n\n\n\n<p>Typowe sytuacje to <a href=\"http:\/\/m.in\">m.in<\/a>. burza, fajerwerki, spotkanie z obcym psem, wej\u015bcie do zat\u0142oczonego miejsca, wizyta u weterynarza czy nawet entuzjazm na widok go\u015bci.<\/p>\n\n\n\n<div style=\"height:20px\" aria-hidden=\"true\" class=\"wp-block-spacer\"><\/div>\n\n\n\n<h3 class=\"wp-block-heading\">Co mo\u017cesz zrobi\u0107:<\/h3>\n\n\n\n<div style=\"height:20px\" aria-hidden=\"true\" class=\"wp-block-spacer\"><\/div>\n\n\n\n<ul class=\"wp-block-list\">\n<li><strong>Nie pr\u00f3buj uczy\u0107 psa nowych rzeczy w sytuacji silnego pobudzenia<\/strong> \u2013 nie zapami\u0119ta ich.<\/li>\n\n\n\n<li>\u0106wicz reakcj\u0119 na imi\u0119 tylko w neutralnych lub pozytywnych warunkach.<\/li>\n\n\n\n<li>Je\u015bli pies boi si\u0119 konkretnego bod\u017aca \u2013 <strong>pracuj nad tym osobno<\/strong>, np. metod\u0105 odwra\u017cliwiania i przeciwwarunkowania.<\/li>\n\n\n\n<li>W sytuacjach stresuj\u0105cych \u2013 skup si\u0119 na uspokojeniu psa, nie na egzekwowaniu komend.<\/li>\n<\/ul>\n\n\n\n<p><strong>Cel:<\/strong> nauczy\u0107 psa reagowania na imi\u0119 wtedy, gdy jego emocje pozwalaj\u0105 mu si\u0119 skupi\u0107 \u2013 i budowa\u0107 zaufanie, a nie presj\u0119.<\/p>\n\n\n\n<div style=\"height:20px\" aria-hidden=\"true\" class=\"wp-block-spacer\"><\/div>\n\n\n\n<h2 class=\"wp-block-heading\" id=\"h-zakonczenie\">Zako\u0144czenie<\/h2>\n\n\n\n<div style=\"height:20px\" aria-hidden=\"true\" class=\"wp-block-spacer\"><\/div>\n\n\n\n<p>Brak reakcji psa na imi\u0119 nie oznacza uporu ani braku pos\u0142usze\u0144stwa \u2013 to najcz\u0119\u015bciej kwestia z\u0142ych skojarze\u0144, nadmiaru bod\u017ac\u00f3w, stresu lub b\u0142\u0119d\u00f3w w codziennej komunikacji. Dobra wiadomo\u015b\u0107? Mo\u017cna to naprawi\u0107.<\/p>\n\n\n\n<p>Kluczem jest cierpliwo\u015b\u0107, konsekwencja i budowanie pozytywnych skojarze\u0144. Imi\u0119 powinno by\u0107 dla psa sygna\u0142em: \u201ewarto si\u0119 skupi\u0107, co\u015b mi\u0142ego mo\u017ce si\u0119 wydarzy\u0107\u201d. Im cz\u0119\u015bciej Tw\u00f3j pies b\u0119dzie kojarzy\u0142 je z czym\u015b pozytywnym \u2013 nagrod\u0105, zabaw\u0105, pochwa\u0142\u0105 \u2013 tym ch\u0119tniej b\u0119dzie na nie reagowa\u0142.<\/p>\n\n\n\n<p>A je\u015bli mimo pr\u00f3b nadal masz trudno\u015bci \u2013 warto zwr\u00f3ci\u0107 si\u0119 do trenera lub behawiorysty, kt\u00f3ry pomo\u017ce dostosowa\u0107 metody do Twojego psa.<\/p>\n\n\n\n<div style=\"height:38px\" aria-hidden=\"true\" class=\"wp-block-spacer\"><\/div>\n\n\n\n<p style=\"font-size:29px;font-style:normal;font-weight:700\">Cz\u0119sto zadawane pytania<\/p>\n\n\n\n<div style=\"height:37px\" aria-hidden=\"true\" class=\"wp-block-spacer\"><\/div>\n\n\n\n<h3 class=\"wp-block-heading\" id=\"h-czy-moge-zmienic-imie-psa-jesli-to-obecne-zle-sie-kojarzy\" style=\"font-style:normal;font-weight:600\">Czy mog\u0119 zmieni\u0107 imi\u0119 psa, je\u015bli to obecne \u017ale si\u0119 kojarzy?<\/h3>\n\n\n\n<div style=\"height:20px\" aria-hidden=\"true\" class=\"wp-block-spacer\"><\/div>\n\n\n\n<p>Tak. Pies mo\u017ce nauczy\u0107 si\u0119 nowego imienia, je\u015bli b\u0119dzie ono budowane na pozytywnych skojarzeniach. Wystarczy konsekwentnie je stosowa\u0107 i nagradza\u0107 reakcje.<\/p>\n\n\n\n<div style=\"height:37px\" aria-hidden=\"true\" class=\"wp-block-spacer\"><\/div>\n\n\n\n<h3 class=\"wp-block-heading\" id=\"h-jak-szybko-pies-powinien-zaczac-reagowac-na-swoje-imie-po-adopcji\" style=\"font-style:normal;font-weight:600\">Jak szybko pies powinien zacz\u0105\u0107 reagowa\u0107 na swoje imi\u0119 po adopcji?<\/h3>\n\n\n\n<div style=\"height:20px\" aria-hidden=\"true\" class=\"wp-block-spacer\"><\/div>\n\n\n\n<p>Zwykle zajmuje to od kilku dni do kilku tygodni, w zale\u017cno\u015bci od wieku psa, wcze\u015bniejszych do\u015bwiadcze\u0144 i sposobu nauki. Najwa\u017cniejsze to cierpliwo\u015b\u0107 i konsekwencja.<\/p>\n\n\n\n<div style=\"height:37px\" aria-hidden=\"true\" class=\"wp-block-spacer\"><\/div>\n\n\n\n<h3 class=\"wp-block-heading\" id=\"h-czy-uzywanie-zdrobnien-imienia-w-komunikacji-z-psem-jest-w-porzadku\" style=\"font-style:normal;font-weight:600\">Czy u\u017cywanie zdrobnie\u0144 imienia w komunikacji z psem jest w porz\u0105dku?<\/h3>\n\n\n\n<div style=\"height:20px\" aria-hidden=\"true\" class=\"wp-block-spacer\"><\/div>\n\n\n\n<p>Mo\u017cna u\u017cywa\u0107 zdrobnie\u0144, o ile pies kojarzy je z konkretn\u0105 reakcj\u0105. Warto jednak nie miesza\u0107 zbyt wielu wersji, by nie rozmy\u0107 sygna\u0142u.<\/p>\n\n\n\n<div style=\"height:37px\" aria-hidden=\"true\" class=\"wp-block-spacer\"><\/div>\n\n\n\n<h3 class=\"wp-block-heading\" id=\"h-co-zrobic-jesli-pies-reaguje-na-imie-tylko-w-domu-ale-ignoruje-je-na-spacerze\" style=\"font-style:normal;font-weight:700\">Co zrobi\u0107, je\u015bli pies reaguje na imi\u0119 tylko w domu, ale ignoruje je na spacerze?<\/h3>\n\n\n\n<div style=\"height:20px\" aria-hidden=\"true\" class=\"wp-block-spacer\"><\/div>\n\n\n\n<p>Wr\u00f3\u0107 do \u0107wicze\u0144 w mniej rozpraszaj\u0105cym \u015brodowisku i stopniowo buduj trudno\u015b\u0107 \u2013 najpierw ogr\u00f3d, potem cichy park. Trenuj na smyczy, u\u017cywaj silnych nagr\u00f3d.<\/p>\n\n\n\n<div style=\"height:37px\" aria-hidden=\"true\" class=\"wp-block-spacer\"><\/div>\n\n\n\n<h3 class=\"wp-block-heading\" id=\"h-czy-powinienem-mowic-imie-psa-przed-kazda-komenda\" style=\"font-style:normal;font-weight:700\">Czy powinienem m\u00f3wi\u0107 imi\u0119 psa przed ka\u017cd\u0105 komend\u0105?<\/h3>\n\n\n\n<div style=\"height:20px\" aria-hidden=\"true\" class=\"wp-block-spacer\"><\/div>\n\n\n\n<p>Nie zawsze. Imi\u0119 s\u0142u\u017cy do zwr\u00f3cenia uwagi. Je\u015bli pies ju\u017c patrzy na Ciebie \u2013 nie trzeba go powtarza\u0107. Nadu\u017cywanie imienia mo\u017ce os\u0142abi\u0107 jego znaczenie.<\/p>\n\n\n\n<p><\/p>\n","protected":false},"excerpt":{"rendered":"<p>Imi\u0119 psa to jedno z pierwszych s\u0142\u00f3w, jakich go uczymy \u2013 ma by\u0107 sygna\u0142em do skupienia uwagi, podstaw\u0105 dalszej komunikacji, a cz\u0119sto tak\u017ce elementem bezpiecze\u0144stwa. Dlatego wiele os\u00f3b niepokoi si\u0119, gdy ich pies ignoruje swoje imi\u0119, nie reaguje na wo\u0142anie lub zdaje si\u0119 je ca\u0142kowicie pomija\u0107, zw\u0142aszcza poza domem. Czy to oznacza brak pos\u0142usze\u0144stwa? Niekoniecznie. &hellip;<\/p>\n<p class=\"read-more\"> <a class=\"\" href=\"https:\/\/milo.pet\/Blog\/dlaczego-pies-nie-reaguje-na-imie\/\"> <span class=\"screen-reader-text\">Dlaczego pies nie reaguje na imi\u0119? 5 powod\u00f3w i co z tym zrobi\u0107<\/span> Read More &raquo;<\/a><\/p>\n","protected":false},"author":1,"featured_media":7054,"comment_status":"closed","ping_status":"open","sticky":false,"template":"","format":"standard","meta":{"_acf_changed":false,"_uag_custom_page_level_css":"","site-sidebar-layout":"default","site-content-layout":"","ast-site-content-layout":"default","site-content-style":"default","site-sidebar-style":"default","ast-global-header-display":"","ast-banner-title-visibility":"","ast-main-header-display":"","ast-hfb-above-header-display":"","ast-hfb-below-header-display":"","ast-hfb-mobile-header-display":"","site-post-title":"","ast-breadcrumbs-content":"","ast-featured-img":"","footer-sml-layout":"","theme-transparent-header-meta":"","adv-header-id-meta":"","stick-header-meta":"","header-above-stick-meta":"","header-main-stick-meta":"","header-below-stick-meta":"","astra-migrate-meta-layouts":"set","ast-page-background-enabled":"default","ast-page-background-meta":{"desktop":{"background-color":"var(--ast-global-color-4)","background-image":"","background-repeat":"repeat","background-position":"center center","background-size":"auto","background-attachment":"scroll","background-type":"","background-media":"","overlay-type":"","overlay-color":"","overlay-gradient":""},"tablet":{"background-color":"","background-image":"","background-repeat":"repeat","background-position":"center center","background-size":"auto","background-attachment":"scroll","background-type":"","background-media":"","overlay-type":"","overlay-color":"","overlay-gradient":""},"mobile":{"background-color":"","background-image":"","background-repeat":"repeat","background-position":"center center","background-size":"auto","background-attachment":"scroll","background-type":"","background-media":"","overlay-type":"","overlay-color":"","overlay-gradient":""}},"ast-content-background-meta":{"desktop":{"background-color":"var(--ast-global-color-5)","background-image":"","background-repeat":"repeat","background-position":"center center","background-size":"auto","background-attachment":"scroll","background-type":"","background-media":"","overlay-type":"","overlay-color":"","overlay-gradient":""},"tablet":{"background-color":"var(--ast-global-color-5)","background-image":"","background-repeat":"repeat","background-position":"center center","background-size":"auto","background-attachment":"scroll","background-type":"","background-media":"","overlay-type":"","overlay-color":"","overlay-gradient":""},"mobile":{"background-color":"var(--ast-global-color-5)","background-image":"","background-repeat":"repeat","background-position":"center center","background-size":"auto","background-attachment":"scroll","background-type":"","background-media":"","overlay-type":"","overlay-color":"","overlay-gradient":""}},"footnotes":""},"categories":[72],"tags":[],"class_list":["post-7051","post","type-post","status-publish","format-standard","has-post-thumbnail","hentry","category-porady-dla-wlascicieli-psow"],"acf":[],"yoast_head":"<!-- This site is optimized with the Yoast SEO Premium plugin v24.6 (Yoast SEO v24.6) - https:\/\/yoast.com\/wordpress\/plugins\/seo\/ -->\n<title>Dlaczego pies nie reaguje na imi\u0119? 5 powod\u00f3w i co z tym zrobi\u0107<\/title>\n<meta name=\"description\" content=\"Tw\u00f3j pies ignoruje swoje imi\u0119? Poznaj 5 najcz\u0119stszych powod\u00f3w, dlaczego tak si\u0119 dzieje \u2013 i dowiedz si\u0119, jak skutecznie to zmieni\u0107.\" \/>\n<meta name=\"robots\" content=\"index, follow, max-snippet:-1, max-image-preview:large, max-video-preview:-1\" \/>\n<link rel=\"canonical\" href=\"https:\/\/milo.pet\/Blog\/dlaczego-pies-nie-reaguje-na-imie\/\" \/>\n<meta property=\"og:locale\" content=\"pl_PL\" \/>\n<meta property=\"og:type\" content=\"article\" \/>\n<meta property=\"og:title\" content=\"Dlaczego pies nie reaguje na imi\u0119? 5 powod\u00f3w i co z tym zrobi\u0107\" \/>\n<meta property=\"og:description\" content=\"Tw\u00f3j pies ignoruje swoje imi\u0119? Poznaj 5 najcz\u0119stszych powod\u00f3w, dlaczego tak si\u0119 dzieje \u2013 i dowiedz si\u0119, jak skutecznie to zmieni\u0107.\" \/>\n<meta property=\"og:url\" content=\"https:\/\/milo.pet\/Blog\/dlaczego-pies-nie-reaguje-na-imie\/\" \/>\n<meta property=\"og:site_name\" content=\"Milo.pet\" \/>\n<meta property=\"article:published_time\" content=\"2025-06-06T13:58:41+00:00\" \/>\n<meta property=\"article:modified_time\" content=\"2025-06-09T06:04:13+00:00\" \/>\n<meta property=\"og:image\" content=\"https:\/\/milo.pet\/Blog\/wp-content\/uploads\/2025\/06\/pies-w-parku.webp\" \/>\n\t<meta property=\"og:image:width\" content=\"1575\" \/>\n\t<meta property=\"og:image:height\" content=\"1020\" \/>\n\t<meta property=\"og:image:type\" content=\"image\/webp\" \/>\n<meta name=\"author\" content=\"Patrycja Nowak\" \/>\n<meta name=\"twitter:card\" content=\"summary_large_image\" \/>\n<meta name=\"twitter:label1\" content=\"Written by\" \/>\n\t<meta name=\"twitter:data1\" content=\"Patrycja Nowak\" \/>\n\t<meta name=\"twitter:label2\" content=\"Est. reading time\" \/>\n\t<meta name=\"twitter:data2\" content=\"7 minut\" \/>\n<script type=\"application\/ld+json\" class=\"yoast-schema-graph\">{\"@context\":\"https:\/\/schema.org\",\"@graph\":[{\"@type\":\"Article\",\"@id\":\"https:\/\/milo.pet\/Blog\/dlaczego-pies-nie-reaguje-na-imie\/#article\",\"isPartOf\":{\"@id\":\"https:\/\/milo.pet\/Blog\/dlaczego-pies-nie-reaguje-na-imie\/\"},\"author\":{\"name\":\"Patrycja Nowak\",\"@id\":\"https:\/\/milo.pet\/Blog\/#\/schema\/person\/17bcd931b79f17d8453b85991012a6a3\"},\"headline\":\"Dlaczego pies nie reaguje na imi\u0119? 5 powod\u00f3w i co z tym zrobi\u0107\",\"datePublished\":\"2025-06-06T13:58:41+00:00\",\"dateModified\":\"2025-06-09T06:04:13+00:00\",\"mainEntityOfPage\":{\"@id\":\"https:\/\/milo.pet\/Blog\/dlaczego-pies-nie-reaguje-na-imie\/\"},\"wordCount\":1139,\"publisher\":{\"@id\":\"https:\/\/milo.pet\/Blog\/#organization\"},\"image\":{\"@id\":\"https:\/\/milo.pet\/Blog\/dlaczego-pies-nie-reaguje-na-imie\/#primaryimage\"},\"thumbnailUrl\":\"https:\/\/milo.pet\/Blog\/wp-content\/uploads\/2025\/06\/pies-w-parku.webp\",\"articleSection\":[\"Porady dla w\u0142a\u015bcicieli ps\u00f3w\"],\"inLanguage\":\"pl-PL\"},{\"@type\":\"WebPage\",\"@id\":\"https:\/\/milo.pet\/Blog\/dlaczego-pies-nie-reaguje-na-imie\/\",\"url\":\"https:\/\/milo.pet\/Blog\/dlaczego-pies-nie-reaguje-na-imie\/\",\"name\":\"Dlaczego pies nie reaguje na imi\u0119? 5 powod\u00f3w i co z tym zrobi\u0107\",\"isPartOf\":{\"@id\":\"https:\/\/milo.pet\/Blog\/#website\"},\"primaryImageOfPage\":{\"@id\":\"https:\/\/milo.pet\/Blog\/dlaczego-pies-nie-reaguje-na-imie\/#primaryimage\"},\"image\":{\"@id\":\"https:\/\/milo.pet\/Blog\/dlaczego-pies-nie-reaguje-na-imie\/#primaryimage\"},\"thumbnailUrl\":\"https:\/\/milo.pet\/Blog\/wp-content\/uploads\/2025\/06\/pies-w-parku.webp\",\"datePublished\":\"2025-06-06T13:58:41+00:00\",\"dateModified\":\"2025-06-09T06:04:13+00:00\",\"description\":\"Tw\u00f3j pies ignoruje swoje imi\u0119? Poznaj 5 najcz\u0119stszych powod\u00f3w, dlaczego tak si\u0119 dzieje \u2013 i dowiedz si\u0119, jak skutecznie to zmieni\u0107.\",\"breadcrumb\":{\"@id\":\"https:\/\/milo.pet\/Blog\/dlaczego-pies-nie-reaguje-na-imie\/#breadcrumb\"},\"inLanguage\":\"pl-PL\",\"potentialAction\":[{\"@type\":\"ReadAction\",\"target\":[\"https:\/\/milo.pet\/Blog\/dlaczego-pies-nie-reaguje-na-imie\/\"]}]},{\"@type\":\"ImageObject\",\"inLanguage\":\"pl-PL\",\"@id\":\"https:\/\/milo.pet\/Blog\/dlaczego-pies-nie-reaguje-na-imie\/#primaryimage\",\"url\":\"https:\/\/milo.pet\/Blog\/wp-content\/uploads\/2025\/06\/pies-w-parku.webp\",\"contentUrl\":\"https:\/\/milo.pet\/Blog\/wp-content\/uploads\/2025\/06\/pies-w-parku.webp\",\"width\":1575,\"height\":1020,\"caption\":\"Pies w parku\"},{\"@type\":\"BreadcrumbList\",\"@id\":\"https:\/\/milo.pet\/Blog\/dlaczego-pies-nie-reaguje-na-imie\/#breadcrumb\",\"itemListElement\":[{\"@type\":\"ListItem\",\"position\":1,\"name\":\"Home\",\"item\":\"https:\/\/milo.pet\/Blog\/\"},{\"@type\":\"ListItem\",\"position\":2,\"name\":\"Dlaczego pies nie reaguje na imi\u0119? 5 powod\u00f3w i co z tym zrobi\u0107\"}]},{\"@type\":\"WebSite\",\"@id\":\"https:\/\/milo.pet\/Blog\/#website\",\"url\":\"https:\/\/milo.pet\/Blog\/\",\"name\":\"Milo.pet\",\"description\":\"Blog\",\"publisher\":{\"@id\":\"https:\/\/milo.pet\/Blog\/#organization\"},\"potentialAction\":[{\"@type\":\"SearchAction\",\"target\":{\"@type\":\"EntryPoint\",\"urlTemplate\":\"https:\/\/milo.pet\/Blog\/?s={search_term_string}\"},\"query-input\":{\"@type\":\"PropertyValueSpecification\",\"valueRequired\":true,\"valueName\":\"search_term_string\"}}],\"inLanguage\":\"pl-PL\"},{\"@type\":\"Organization\",\"@id\":\"https:\/\/milo.pet\/Blog\/#organization\",\"name\":\"Milo.pet\",\"url\":\"https:\/\/milo.pet\/Blog\/\",\"logo\":{\"@type\":\"ImageObject\",\"inLanguage\":\"pl-PL\",\"@id\":\"https:\/\/milo.pet\/Blog\/#\/schema\/logo\/image\/\",\"url\":\"https:\/\/milo.pet\/Blog\/wp-content\/uploads\/2023\/09\/cropped-MiloPET-logo-1.png\",\"contentUrl\":\"https:\/\/milo.pet\/Blog\/wp-content\/uploads\/2023\/09\/cropped-MiloPET-logo-1.png\",\"width\":1998,\"height\":1419,\"caption\":\"Milo.pet\"},\"image\":{\"@id\":\"https:\/\/milo.pet\/Blog\/#\/schema\/logo\/image\/\"}},{\"@type\":\"Person\",\"@id\":\"https:\/\/milo.pet\/Blog\/#\/schema\/person\/17bcd931b79f17d8453b85991012a6a3\",\"name\":\"Patrycja Nowak\",\"image\":{\"@type\":\"ImageObject\",\"inLanguage\":\"pl-PL\",\"@id\":\"https:\/\/milo.pet\/Blog\/#\/schema\/person\/image\/\",\"url\":\"https:\/\/secure.gravatar.com\/avatar\/51d419d7a5a1cfc8e9054fcccb2678a105d0cb73af4acbf6a99ad9e72a6ba9a3?s=96&d=mm&r=g\",\"contentUrl\":\"https:\/\/secure.gravatar.com\/avatar\/51d419d7a5a1cfc8e9054fcccb2678a105d0cb73af4acbf6a99ad9e72a6ba9a3?s=96&d=mm&r=g\",\"caption\":\"Patrycja Nowak\"},\"description\":\"Trenerka ps\u00f3w. Pomagam opiekunom zrozumie\u0107 potrzeby ich pupili, buduj\u0105c harmonijn\u0105 relacj\u0119 opart\u0105 na zaufaniu i pozytywnym wzmocnieniu.\",\"sameAs\":[\"http:\/\/milo.pet\/Blog\"],\"url\":\"https:\/\/milo.pet\/Blog\/author\/arpok\/\"}]}<\/script>\n<!-- \/ Yoast SEO Premium plugin. -->","yoast_head_json":{"title":"Dlaczego pies nie reaguje na imi\u0119? 5 powod\u00f3w i co z tym zrobi\u0107","description":"Tw\u00f3j pies ignoruje swoje imi\u0119? Poznaj 5 najcz\u0119stszych powod\u00f3w, dlaczego tak si\u0119 dzieje \u2013 i dowiedz si\u0119, jak skutecznie to zmieni\u0107.","robots":{"index":"index","follow":"follow","max-snippet":"max-snippet:-1","max-image-preview":"max-image-preview:large","max-video-preview":"max-video-preview:-1"},"canonical":"https:\/\/milo.pet\/Blog\/dlaczego-pies-nie-reaguje-na-imie\/","og_locale":"pl_PL","og_type":"article","og_title":"Dlaczego pies nie reaguje na imi\u0119? 5 powod\u00f3w i co z tym zrobi\u0107","og_description":"Tw\u00f3j pies ignoruje swoje imi\u0119? Poznaj 5 najcz\u0119stszych powod\u00f3w, dlaczego tak si\u0119 dzieje \u2013 i dowiedz si\u0119, jak skutecznie to zmieni\u0107.","og_url":"https:\/\/milo.pet\/Blog\/dlaczego-pies-nie-reaguje-na-imie\/","og_site_name":"Milo.pet","article_published_time":"2025-06-06T13:58:41+00:00","article_modified_time":"2025-06-09T06:04:13+00:00","og_image":[{"width":1575,"height":1020,"url":"https:\/\/milo.pet\/Blog\/wp-content\/uploads\/2025\/06\/pies-w-parku.webp","type":"image\/webp"}],"author":"Patrycja Nowak","twitter_card":"summary_large_image","twitter_misc":{"Written by":"Patrycja Nowak","Est. reading time":"7 minut"},"schema":{"@context":"https:\/\/schema.org","@graph":[{"@type":"Article","@id":"https:\/\/milo.pet\/Blog\/dlaczego-pies-nie-reaguje-na-imie\/#article","isPartOf":{"@id":"https:\/\/milo.pet\/Blog\/dlaczego-pies-nie-reaguje-na-imie\/"},"author":{"name":"Patrycja Nowak","@id":"https:\/\/milo.pet\/Blog\/#\/schema\/person\/17bcd931b79f17d8453b85991012a6a3"},"headline":"Dlaczego pies nie reaguje na imi\u0119? 5 powod\u00f3w i co z tym zrobi\u0107","datePublished":"2025-06-06T13:58:41+00:00","dateModified":"2025-06-09T06:04:13+00:00","mainEntityOfPage":{"@id":"https:\/\/milo.pet\/Blog\/dlaczego-pies-nie-reaguje-na-imie\/"},"wordCount":1139,"publisher":{"@id":"https:\/\/milo.pet\/Blog\/#organization"},"image":{"@id":"https:\/\/milo.pet\/Blog\/dlaczego-pies-nie-reaguje-na-imie\/#primaryimage"},"thumbnailUrl":"https:\/\/milo.pet\/Blog\/wp-content\/uploads\/2025\/06\/pies-w-parku.webp","articleSection":["Porady dla w\u0142a\u015bcicieli ps\u00f3w"],"inLanguage":"pl-PL"},{"@type":"WebPage","@id":"https:\/\/milo.pet\/Blog\/dlaczego-pies-nie-reaguje-na-imie\/","url":"https:\/\/milo.pet\/Blog\/dlaczego-pies-nie-reaguje-na-imie\/","name":"Dlaczego pies nie reaguje na imi\u0119? 5 powod\u00f3w i co z tym zrobi\u0107","isPartOf":{"@id":"https:\/\/milo.pet\/Blog\/#website"},"primaryImageOfPage":{"@id":"https:\/\/milo.pet\/Blog\/dlaczego-pies-nie-reaguje-na-imie\/#primaryimage"},"image":{"@id":"https:\/\/milo.pet\/Blog\/dlaczego-pies-nie-reaguje-na-imie\/#primaryimage"},"thumbnailUrl":"https:\/\/milo.pet\/Blog\/wp-content\/uploads\/2025\/06\/pies-w-parku.webp","datePublished":"2025-06-06T13:58:41+00:00","dateModified":"2025-06-09T06:04:13+00:00","description":"Tw\u00f3j pies ignoruje swoje imi\u0119? Poznaj 5 najcz\u0119stszych powod\u00f3w, dlaczego tak si\u0119 dzieje \u2013 i dowiedz si\u0119, jak skutecznie to zmieni\u0107.","breadcrumb":{"@id":"https:\/\/milo.pet\/Blog\/dlaczego-pies-nie-reaguje-na-imie\/#breadcrumb"},"inLanguage":"pl-PL","potentialAction":[{"@type":"ReadAction","target":["https:\/\/milo.pet\/Blog\/dlaczego-pies-nie-reaguje-na-imie\/"]}]},{"@type":"ImageObject","inLanguage":"pl-PL","@id":"https:\/\/milo.pet\/Blog\/dlaczego-pies-nie-reaguje-na-imie\/#primaryimage","url":"https:\/\/milo.pet\/Blog\/wp-content\/uploads\/2025\/06\/pies-w-parku.webp","contentUrl":"https:\/\/milo.pet\/Blog\/wp-content\/uploads\/2025\/06\/pies-w-parku.webp","width":1575,"height":1020,"caption":"Pies w parku"},{"@type":"BreadcrumbList","@id":"https:\/\/milo.pet\/Blog\/dlaczego-pies-nie-reaguje-na-imie\/#breadcrumb","itemListElement":[{"@type":"ListItem","position":1,"name":"Home","item":"https:\/\/milo.pet\/Blog\/"},{"@type":"ListItem","position":2,"name":"Dlaczego pies nie reaguje na imi\u0119? 5 powod\u00f3w i co z tym zrobi\u0107"}]},{"@type":"WebSite","@id":"https:\/\/milo.pet\/Blog\/#website","url":"https:\/\/milo.pet\/Blog\/","name":"Milo.pet","description":"Blog","publisher":{"@id":"https:\/\/milo.pet\/Blog\/#organization"},"potentialAction":[{"@type":"SearchAction","target":{"@type":"EntryPoint","urlTemplate":"https:\/\/milo.pet\/Blog\/?s={search_term_string}"},"query-input":{"@type":"PropertyValueSpecification","valueRequired":true,"valueName":"search_term_string"}}],"inLanguage":"pl-PL"},{"@type":"Organization","@id":"https:\/\/milo.pet\/Blog\/#organization","name":"Milo.pet","url":"https:\/\/milo.pet\/Blog\/","logo":{"@type":"ImageObject","inLanguage":"pl-PL","@id":"https:\/\/milo.pet\/Blog\/#\/schema\/logo\/image\/","url":"https:\/\/milo.pet\/Blog\/wp-content\/uploads\/2023\/09\/cropped-MiloPET-logo-1.png","contentUrl":"https:\/\/milo.pet\/Blog\/wp-content\/uploads\/2023\/09\/cropped-MiloPET-logo-1.png","width":1998,"height":1419,"caption":"Milo.pet"},"image":{"@id":"https:\/\/milo.pet\/Blog\/#\/schema\/logo\/image\/"}},{"@type":"Person","@id":"https:\/\/milo.pet\/Blog\/#\/schema\/person\/17bcd931b79f17d8453b85991012a6a3","name":"Patrycja Nowak","image":{"@type":"ImageObject","inLanguage":"pl-PL","@id":"https:\/\/milo.pet\/Blog\/#\/schema\/person\/image\/","url":"https:\/\/secure.gravatar.com\/avatar\/51d419d7a5a1cfc8e9054fcccb2678a105d0cb73af4acbf6a99ad9e72a6ba9a3?s=96&d=mm&r=g","contentUrl":"https:\/\/secure.gravatar.com\/avatar\/51d419d7a5a1cfc8e9054fcccb2678a105d0cb73af4acbf6a99ad9e72a6ba9a3?s=96&d=mm&r=g","caption":"Patrycja Nowak"},"description":"Trenerka ps\u00f3w. Pomagam opiekunom zrozumie\u0107 potrzeby ich pupili, buduj\u0105c harmonijn\u0105 relacj\u0119 opart\u0105 na zaufaniu i pozytywnym wzmocnieniu.","sameAs":["http:\/\/milo.pet\/Blog"],"url":"https:\/\/milo.pet\/Blog\/author\/arpok\/"}]}},"uagb_featured_image_src":{"full":["https:\/\/milo.pet\/Blog\/wp-content\/uploads\/2025\/06\/pies-w-parku.webp",1575,1020,false],"thumbnail":["https:\/\/milo.pet\/Blog\/wp-content\/uploads\/2025\/06\/pies-w-parku-150x150.webp",150,150,true],"medium":["https:\/\/milo.pet\/Blog\/wp-content\/uploads\/2025\/06\/pies-w-parku-300x194.webp",300,194,true],"medium_large":["https:\/\/milo.pet\/Blog\/wp-content\/uploads\/2025\/06\/pies-w-parku-768x497.webp",768,497,true],"large":["https:\/\/milo.pet\/Blog\/wp-content\/uploads\/2025\/06\/pies-w-parku-1024x663.webp",1024,663,true],"1536x1536":["https:\/\/milo.pet\/Blog\/wp-content\/uploads\/2025\/06\/pies-w-parku-1536x995.webp",1536,995,true],"2048x2048":["https:\/\/milo.pet\/Blog\/wp-content\/uploads\/2025\/06\/pies-w-parku.webp",1575,1020,false]},"uagb_author_info":{"display_name":"Patrycja Nowak","author_link":"https:\/\/milo.pet\/Blog\/author\/arpok\/"},"uagb_comment_info":0,"uagb_excerpt":"Imi\u0119 psa to jedno z pierwszych s\u0142\u00f3w, jakich go uczymy \u2013 ma by\u0107 sygna\u0142em do skupienia uwagi, podstaw\u0105 dalszej komunikacji, a cz\u0119sto tak\u017ce elementem bezpiecze\u0144stwa. Dlatego wiele os\u00f3b niepokoi si\u0119, gdy ich pies ignoruje swoje imi\u0119, nie reaguje na wo\u0142anie lub zdaje si\u0119 je ca\u0142kowicie pomija\u0107, zw\u0142aszcza poza domem. Czy to oznacza brak pos\u0142usze\u0144stwa? Niekoniecznie.&hellip;","_links":{"self":[{"href":"https:\/\/milo.pet\/Blog\/wp-json\/wp\/v2\/posts\/7051","targetHints":{"allow":["GET"]}}],"collection":[{"href":"https:\/\/milo.pet\/Blog\/wp-json\/wp\/v2\/posts"}],"about":[{"href":"https:\/\/milo.pet\/Blog\/wp-json\/wp\/v2\/types\/post"}],"author":[{"embeddable":true,"href":"https:\/\/milo.pet\/Blog\/wp-json\/wp\/v2\/users\/1"}],"replies":[{"embeddable":true,"href":"https:\/\/milo.pet\/Blog\/wp-json\/wp\/v2\/comments?post=7051"}],"version-history":[{"count":3,"href":"https:\/\/milo.pet\/Blog\/wp-json\/wp\/v2\/posts\/7051\/revisions"}],"predecessor-version":[{"id":7071,"href":"https:\/\/milo.pet\/Blog\/wp-json\/wp\/v2\/posts\/7051\/revisions\/7071"}],"wp:featuredmedia":[{"embeddable":true,"href":"https:\/\/milo.pet\/Blog\/wp-json\/wp\/v2\/media\/7054"}],"wp:attachment":[{"href":"https:\/\/milo.pet\/Blog\/wp-json\/wp\/v2\/media?parent=7051"}],"wp:term":[{"taxonomy":"category","embeddable":true,"href":"https:\/\/milo.pet\/Blog\/wp-json\/wp\/v2\/categories?post=7051"},{"taxonomy":"post_tag","embeddable":true,"href":"https:\/\/milo.pet\/Blog\/wp-json\/wp\/v2\/tags?post=7051"}],"curies":[{"name":"wp","href":"https:\/\/api.w.org\/{rel}","templated":true}]}}