{"id":7238,"date":"2025-06-30T19:32:25","date_gmt":"2025-06-30T19:32:25","guid":{"rendered":"https:\/\/milo.pet\/Blog\/?p=7238"},"modified":"2025-06-30T19:32:26","modified_gmt":"2025-06-30T19:32:26","slug":"pies-drapie-sie-ale-nie-ma-pchel-co-moze-byc-przyczyna","status":"publish","type":"post","link":"https:\/\/milo.pet\/Blog\/pies-drapie-sie-ale-nie-ma-pchel-co-moze-byc-przyczyna\/","title":{"rendered":"Pies drapie si\u0119, ale nie ma pche\u0142 \u2013 co mo\u017ce by\u0107 przyczyn\u0105?"},"content":{"rendered":"\n<p>Je\u015bli Tw\u00f3j pies uporczywie si\u0119 drapie, ale nie ma \u015blad\u00f3w pche\u0142, nie oznacza to, \u017ce problem nie istnieje. \u015awi\u0105d mo\u017ce mie\u0107 wiele innych przyczyn \u2013 od alergii, przez podra\u017cnienia sk\u00f3ry, a\u017c po stres. W tym artykule podpowiadamy, co najcz\u0119\u015bciej wywo\u0142uje drapanie u psa bez obecno\u015bci paso\u017cyt\u00f3w i kiedy warto uda\u0107 si\u0119 do weterynarza.<\/p>\n\n\n\n<div style=\"height:20px\" aria-hidden=\"true\" class=\"wp-block-spacer\"><\/div>\n\n\n\n<h2 class=\"wp-block-heading\" id=\"h-alergie-pokarmowe-i-srodowiskowe\">Alergie \u2013 pokarmowe i \u015brodowiskowe<\/h2>\n\n\n\n<div style=\"height:20px\" aria-hidden=\"true\" class=\"wp-block-spacer\"><\/div>\n\n\n\n<p>Jedn\u0105 z najcz\u0119stszych przyczyn \u015bwi\u0105du u psa bez obecno\u015bci pche\u0142 s\u0105 <strong>alergie<\/strong>. Wiele ps\u00f3w reaguje nadwra\u017cliwo\u015bci\u0105 sk\u00f3ry na okre\u015blone sk\u0142adniki w po\u017cywieniu lub na czynniki obecne w otoczeniu.<\/p>\n\n\n\n<div style=\"height:20px\" aria-hidden=\"true\" class=\"wp-block-spacer\"><\/div>\n\n\n\n<h3 class=\"wp-block-heading\" id=\"h-alergia-pokarmowa\">Alergia pokarmowa:<\/h3>\n\n\n\n<div style=\"height:20px\" aria-hidden=\"true\" class=\"wp-block-spacer\"><\/div>\n\n\n\n<ul class=\"wp-block-list\">\n<li>Mo\u017ce by\u0107 wywo\u0142ana przez bia\u0142ka (np. kurczak, wo\u0142owina), zbo\u017ca lub dodatki konserwuj\u0105ce.<\/li>\n\n\n\n<li>Objawia si\u0119 nie tylko drapaniem, ale te\u017c cz\u0119stym lizaniem \u0142ap, przewlek\u0142ymi biegunkami lub zmianami sk\u00f3rnymi.<\/li>\n<\/ul>\n\n\n\n<div style=\"height:20px\" aria-hidden=\"true\" class=\"wp-block-spacer\"><\/div>\n\n\n\n<h3 class=\"wp-block-heading\" id=\"h-alergia-srodowiskowa-atopia\">Alergia \u015brodowiskowa (atopia):<\/h3>\n\n\n\n<div style=\"height:20px\" aria-hidden=\"true\" class=\"wp-block-spacer\"><\/div>\n\n\n\n<ul class=\"wp-block-list\">\n<li>Dotyczy np. py\u0142k\u00f3w, kurzu, roztoczy czy ple\u015bni.<\/li>\n\n\n\n<li>Zwykle nasila si\u0119 sezonowo i mo\u017ce powodowa\u0107 \u015bwi\u0105d w okolicach pyska, uszu, pachwin i \u0142ap.<\/li>\n<\/ul>\n\n\n\n<div style=\"height:20px\" aria-hidden=\"true\" class=\"wp-block-spacer\"><\/div>\n\n\n\n<p>Alergie wymagaj\u0105 cz\u0119sto d\u0142u\u017cszej diagnostyki \u2013 np. <strong>diety eliminacyjnej<\/strong> lub test\u00f3w alergicznych \u2013 ale ich wczesne rozpoznanie znacz\u0105co poprawia komfort \u017cycia psa.<\/p>\n\n\n\n<div style=\"height:20px\" aria-hidden=\"true\" class=\"wp-block-spacer\"><\/div>\n\n\n\n<h2 class=\"wp-block-heading\">Sucha, podra\u017cniona lub wra\u017cliwa sk\u00f3ra<\/h2>\n\n\n\n<div style=\"height:20px\" aria-hidden=\"true\" class=\"wp-block-spacer\"><\/div>\n\n\n\n<figure class=\"wp-block-image size-large\"><img fetchpriority=\"high\" decoding=\"async\" width=\"1024\" height=\"663\" src=\"https:\/\/milo.pet\/Blog\/wp-content\/uploads\/2025\/06\/pies-trzymajacy-apteczke-w-pysku-1024x663.webp\" alt=\"Pies trzyma apteczk\u0119 w pysku\" class=\"wp-image-7023\" srcset=\"https:\/\/milo.pet\/Blog\/wp-content\/uploads\/2025\/06\/pies-trzymajacy-apteczke-w-pysku-1024x663.webp 1024w, https:\/\/milo.pet\/Blog\/wp-content\/uploads\/2025\/06\/pies-trzymajacy-apteczke-w-pysku-300x194.webp 300w, https:\/\/milo.pet\/Blog\/wp-content\/uploads\/2025\/06\/pies-trzymajacy-apteczke-w-pysku-768x497.webp 768w, https:\/\/milo.pet\/Blog\/wp-content\/uploads\/2025\/06\/pies-trzymajacy-apteczke-w-pysku.webp 1050w\" sizes=\"(max-width: 1024px) 100vw, 1024px\" \/><\/figure>\n\n\n\n<div style=\"height:20px\" aria-hidden=\"true\" class=\"wp-block-spacer\"><\/div>\n\n\n\n<p>Nawet je\u015bli pies nie ma alergii, jego sk\u00f3ra mo\u017ce by\u0107 po prostu <strong>zbyt sucha lub wra\u017cliwa<\/strong>, co prowadzi do \u015bwi\u0105du i cz\u0119stego drapania. Przyczyn\u0105 mog\u0105 by\u0107 czynniki zewn\u0119trzne, dieta lub predyspozycje rasowe.<\/p>\n\n\n\n<div style=\"height:20px\" aria-hidden=\"true\" class=\"wp-block-spacer\"><\/div>\n\n\n\n<h3 class=\"wp-block-heading\">Co mo\u017ce powodowa\u0107 podra\u017cnienia:<\/h3>\n\n\n\n<div style=\"height:20px\" aria-hidden=\"true\" class=\"wp-block-spacer\"><\/div>\n\n\n\n<ul class=\"wp-block-list\">\n<li><strong>Zbyt cz\u0119ste k\u0105piele<\/strong> lub u\u017cycie nieodpowiednich szampon\u00f3w, kt\u00f3re zmywaj\u0105 naturaln\u0105 warstw\u0119 ochronn\u0105 sk\u00f3ry.<\/li>\n\n\n\n<li><strong>Niska wilgotno\u015b\u0107 powietrza<\/strong>, szczeg\u00f3lnie zim\u0105 przy ogrzewaniu.<\/li>\n\n\n\n<li><strong>Niedobory sk\u0142adnik\u00f3w od\u017cywczych<\/strong>, zw\u0142aszcza kwas\u00f3w omega-3 i omega-6, kt\u00f3re odpowiadaj\u0105 za kondycj\u0119 sk\u00f3ry i sier\u015bci.<\/li>\n<\/ul>\n\n\n\n<p>Objawami mog\u0105 by\u0107: <strong>\u0142upie\u017c, matowa sier\u015b\u0107, \u0142uszcz\u0105ca si\u0119 sk\u00f3ra, ci\u0105g\u0142e drapanie lub wylizywanie<\/strong>. W takich przypadkach pomocna mo\u017ce by\u0107 zmiana kosmetyk\u00f3w, wprowadzenie suplementacji i poprawa jako\u015bci diety.<\/p>\n\n\n\n<div style=\"height:20px\" aria-hidden=\"true\" class=\"wp-block-spacer\"><\/div>\n\n\n\n<h2 class=\"wp-block-heading\">Infekcje sk\u00f3rne i grzybicze<\/h2>\n\n\n\n<div style=\"height:20px\" aria-hidden=\"true\" class=\"wp-block-spacer\"><\/div>\n\n\n\n<p>Drapanie mo\u017ce by\u0107 te\u017c objawem <strong>infekcji sk\u00f3ry<\/strong>, kt\u00f3re rozwijaj\u0105 si\u0119 niezale\u017cnie od obecno\u015bci paso\u017cyt\u00f3w. Cz\u0119sto s\u0105 one skutkiem wcze\u015bniejszego uszkodzenia nask\u00f3rka \u2013 np. przez drapanie, wilgo\u0107 lub alergi\u0119.<\/p>\n\n\n\n<div style=\"height:20px\" aria-hidden=\"true\" class=\"wp-block-spacer\"><\/div>\n\n\n\n<h3 class=\"wp-block-heading\">Najcz\u0119stsze infekcje:<\/h3>\n\n\n\n<div style=\"height:20px\" aria-hidden=\"true\" class=\"wp-block-spacer\"><\/div>\n\n\n\n<ul class=\"wp-block-list\">\n<li><strong>Grzybica (np. Malassezia)<\/strong> \u2013 wywo\u0142uje \u015bwi\u0105d, przet\u0142uszczon\u0105 sier\u015b\u0107, zaczerwienienia i nieprzyjemny zapach.<\/li>\n\n\n\n<li><strong>Infekcje bakteryjne<\/strong> \u2013 mog\u0105 prowadzi\u0107 do powstawania krostek, strupk\u00f3w i ran.<\/li>\n\n\n\n<li><strong>Hot spoty<\/strong> \u2013 miejscowe, wilgotne stany zapalne sk\u00f3ry, powstaj\u0105ce szybko i bole\u015bnie.<\/li>\n<\/ul>\n\n\n\n<p>Infekcje wymagaj\u0105 <strong>diagnostyki u weterynarza<\/strong> \u2013 nie wystarczy leczenie domowe. Nieleczone mog\u0105 si\u0119 rozprzestrzenia\u0107, powodowa\u0107 dyskomfort i nasila\u0107 \u015bwi\u0105d. W zale\u017cno\u015bci od przyczyny lekarz mo\u017ce zaleci\u0107 leki przeciwgrzybicze, antybiotyki lub specjalistyczne szampony.<\/p>\n\n\n\n<div style=\"height:20px\" aria-hidden=\"true\" class=\"wp-block-spacer\"><\/div>\n\n\n\n<h2 class=\"wp-block-heading\">Paso\u017cyty inne ni\u017c pch\u0142y \u2013 np. \u015bwierzb i nu\u017ceniec<\/h2>\n\n\n\n<div style=\"height:20px\" aria-hidden=\"true\" class=\"wp-block-spacer\"><\/div>\n\n\n\n<p>Brak pche\u0142 nie oznacza, \u017ce pies jest wolny od paso\u017cyt\u00f3w. Niekt\u00f3re z nich s\u0105 <strong>niewidoczne go\u0142ym okiem<\/strong>, a mimo to wywo\u0142uj\u0105 silny \u015bwi\u0105d i zmiany sk\u00f3rne. Najcz\u0119\u015bciej chodzi o \u015bwierzb lub nu\u017ce\u0144ca.<\/p>\n\n\n\n<div style=\"height:20px\" aria-hidden=\"true\" class=\"wp-block-spacer\"><\/div>\n\n\n\n<h3 class=\"wp-block-heading\">\u015awierzb dr\u0105\u017c\u0105cy:<\/h3>\n\n\n\n<div style=\"height:20px\" aria-hidden=\"true\" class=\"wp-block-spacer\"><\/div>\n\n\n\n<ul class=\"wp-block-list\">\n<li>Powoduje intensywny \u015bwi\u0105d, szczeg\u00f3lnie w okolicy uszu, \u0142okci, brzucha i pachwin.<\/li>\n\n\n\n<li>Pies drapie si\u0119 do krwi, mo\u017ce traci\u0107 sier\u015b\u0107, pojawiaj\u0105 si\u0119 strupy i zaczerwienienia.<\/li>\n\n\n\n<li>Jest <strong>zara\u017aliwy<\/strong> \u2013 r\u00f3wnie\u017c dla innych zwierz\u0105t, a czasem tak\u017ce dla ludzi.<\/li>\n<\/ul>\n\n\n\n<div style=\"height:20px\" aria-hidden=\"true\" class=\"wp-block-spacer\"><\/div>\n\n\n\n<h3 class=\"wp-block-heading\">Nu\u017ceniec (demodex):<\/h3>\n\n\n\n<div style=\"height:20px\" aria-hidden=\"true\" class=\"wp-block-spacer\"><\/div>\n\n\n\n<ul class=\"wp-block-list\">\n<li>Najcz\u0119\u015bciej dotyczy szczeni\u0105t lub ps\u00f3w z obni\u017con\u0105 odporno\u015bci\u0105.<\/li>\n\n\n\n<li>Objawy to miejscowe wy\u0142ysienia, zaczerwienienia i sw\u0119dzenie, zwykle bez intensywnego drapania na pocz\u0105tku.<\/li>\n\n\n\n<li>Niezara\u017aliwy, ale wymaga leczenia weterynaryjnego.<\/li>\n<\/ul>\n\n\n\n<p>W obu przypadkach konieczna jest wizyta u weterynarza i wykonanie <strong>badania zeskrobiny sk\u00f3ry<\/strong>, by potwierdzi\u0107 obecno\u015b\u0107 paso\u017cyt\u00f3w i wdro\u017cy\u0107 odpowiednie leczenie.<\/p>\n\n\n\n<div style=\"height:20px\" aria-hidden=\"true\" class=\"wp-block-spacer\"><\/div>\n\n\n\n<h2 class=\"wp-block-heading\">Stres i problemy behawioralne<\/h2>\n\n\n\n<div style=\"height:20px\" aria-hidden=\"true\" class=\"wp-block-spacer\"><\/div>\n\n\n\n<figure class=\"wp-block-image size-full\"><img decoding=\"async\" width=\"1024\" height=\"683\" src=\"https:\/\/milo.pet\/Blog\/wp-content\/uploads\/2023\/10\/jamnik6.webp\" alt=\"Jamnik\" class=\"wp-image-7180\" srcset=\"https:\/\/milo.pet\/Blog\/wp-content\/uploads\/2023\/10\/jamnik6.webp 1024w, https:\/\/milo.pet\/Blog\/wp-content\/uploads\/2023\/10\/jamnik6-300x200.webp 300w, https:\/\/milo.pet\/Blog\/wp-content\/uploads\/2023\/10\/jamnik6-768x512.webp 768w\" sizes=\"(max-width: 1024px) 100vw, 1024px\" \/><\/figure>\n\n\n\n<div style=\"height:20px\" aria-hidden=\"true\" class=\"wp-block-spacer\"><\/div>\n\n\n\n<p>Nie tylko problemy fizyczne mog\u0105 powodowa\u0107 drapanie \u2013 u niekt\u00f3rych ps\u00f3w <strong>\u015bwi\u0105d i wylizywanie<\/strong> wynikaj\u0105 z napi\u0119cia emocjonalnego. Drapanie staje si\u0119 wtedy <strong>sposobem na roz\u0142adowanie stresu lub nud\u0119<\/strong>, a nie reakcj\u0105 na dyskomfort sk\u00f3rny.<\/p>\n\n\n\n<div style=\"height:20px\" aria-hidden=\"true\" class=\"wp-block-spacer\"><\/div>\n\n\n\n<h3 class=\"wp-block-heading\">Najcz\u0119stsze sytuacje wywo\u0142uj\u0105ce takie zachowania:<\/h3>\n\n\n\n<div style=\"height:20px\" aria-hidden=\"true\" class=\"wp-block-spacer\"><\/div>\n\n\n\n<ul class=\"wp-block-list\">\n<li>D\u0142ugotrwa\u0142a samotno\u015b\u0107 lub brak stymulacji w ci\u0105gu dnia<\/li>\n\n\n\n<li>Zmiana otoczenia, przeprowadzka, pojawienie si\u0119 nowej osoby lub zwierz\u0119cia w domu<\/li>\n\n\n\n<li>L\u0119k separacyjny lub nadmierne przywi\u0105zanie do opiekuna<\/li>\n<\/ul>\n\n\n\n<p>Objawy to <a href=\"http:\/\/m.in\">m.in<\/a>. <strong>kompulsywne wylizywanie \u0142ap, boku cia\u0142a, ogona<\/strong>, czasem nawet do momentu powstania ran. W takich przypadkach warto najpierw wykluczy\u0107 przyczyny zdrowotne, a nast\u0119pnie skonsultowa\u0107 si\u0119 z <strong>behawioryst\u0105<\/strong>, kt\u00f3ry pomo\u017ce znale\u017a\u0107 przyczyn\u0119 i wprowadzi\u0107 odpowiednie zmiany w otoczeniu psa.<\/p>\n\n\n\n<div style=\"height:20px\" aria-hidden=\"true\" class=\"wp-block-spacer\"><\/div>\n\n\n\n<h2 class=\"wp-block-heading\">Reakcje kontaktowe \u2013 kosmetyki, \u015brodki czysto\u015bci i nowe przedmioty<\/h2>\n\n\n\n<div style=\"height:20px\" aria-hidden=\"true\" class=\"wp-block-spacer\"><\/div>\n\n\n\n<p>Czasem przyczyn\u0105 \u015bwi\u0105du u psa s\u0105 <strong>proste czynniki z otoczenia<\/strong>, kt\u00f3re podra\u017cniaj\u0105 sk\u00f3r\u0119 przy bezpo\u015brednim kontakcie. Mo\u017ce to by\u0107 nowy szampon, p\u0142yn do mycia pod\u0142\u00f3g, a nawet nowe legowisko czy ubranko.<\/p>\n\n\n\n<div style=\"height:20px\" aria-hidden=\"true\" class=\"wp-block-spacer\"><\/div>\n\n\n\n<h3 class=\"wp-block-heading\">Co mo\u017ce wywo\u0142ywa\u0107 reakcj\u0119 kontaktow\u0105:<\/h3>\n\n\n\n<div style=\"height:20px\" aria-hidden=\"true\" class=\"wp-block-spacer\"><\/div>\n\n\n\n<ul class=\"wp-block-list\">\n<li><strong>Kosmetyki<\/strong> \u2013 zbyt intensywnie perfumowane lub niedostosowane do wra\u017cliwej sk\u00f3ry psa<\/li>\n\n\n\n<li><strong>\u015arodki czysto\u015bci<\/strong> \u2013 podra\u017cniaj\u0105ce \u0142apy lub sk\u00f3r\u0119 brzucha po kontakcie z pod\u0142og\u0105<\/li>\n\n\n\n<li><strong>Tkaniny i materia\u0142y<\/strong> \u2013 np. nowe pos\u0142anie, koc czy ubranie z syntetycznych w\u0142\u00f3kien<\/li>\n\n\n\n<li><strong>Ro\u015bliny domowe lub ogrodowe<\/strong> \u2013 niekt\u00f3re mog\u0105 wywo\u0142a\u0107 reakcj\u0119 alergiczn\u0105 po dotkni\u0119ciu<\/li>\n<\/ul>\n\n\n\n<p>Najcz\u0119stsze objawy to <strong>\u015bwi\u0105d w konkretnych miejscach cia\u0142a (\u0142apy, pachwiny, brzuch)<\/strong>, zaczerwienienia lub wylizywanie tych obszar\u00f3w. Je\u015bli podejrzewasz tak\u0105 przyczyn\u0119, warto na kilka dni <strong>usun\u0105\u0107 nowe lub podejrzane elementy z otoczenia<\/strong> i obserwowa\u0107, czy objawy ust\u0119puj\u0105.<\/p>\n\n\n\n<div style=\"height:20px\" aria-hidden=\"true\" class=\"wp-block-spacer\"><\/div>\n\n\n\n<h2 class=\"wp-block-heading\">Kiedy warto i\u015b\u0107 do weterynarza?<\/h2>\n\n\n\n<div style=\"height:20px\" aria-hidden=\"true\" class=\"wp-block-spacer\"><\/div>\n\n\n\n<p>Cho\u0107 cz\u0119\u015b\u0107 przyczyn \u015bwi\u0105du da si\u0119 rozpozna\u0107 i ograniczy\u0107 w domu, w wielu przypadkach <strong>niezb\u0119dna jest pomoc specjalisty<\/strong>. Drapanie to objaw \u2013 a nie diagnoza \u2013 i bez dok\u0142adnej oceny trudno ustali\u0107, co naprawd\u0119 dolega psu.<\/p>\n\n\n\n<div style=\"height:20px\" aria-hidden=\"true\" class=\"wp-block-spacer\"><\/div>\n\n\n\n<h3 class=\"wp-block-heading\">Udaj si\u0119 do weterynarza, je\u015bli:<\/h3>\n\n\n\n<div style=\"height:20px\" aria-hidden=\"true\" class=\"wp-block-spacer\"><\/div>\n\n\n\n<ul class=\"wp-block-list\">\n<li>Drapanie utrzymuje si\u0119 <strong>d\u0142u\u017cej ni\u017c kilka dni<\/strong> lub si\u0119 nasila<\/li>\n\n\n\n<li>Pojawiaj\u0105 si\u0119 <strong>rany, strupy, wy\u0142ysienia, nieprzyjemny zapach sk\u00f3ry<\/strong><\/li>\n\n\n\n<li>Pies jest niespokojny, rozdra\u017cniony lub ma inne objawy (biegunka, apatia, gor\u0105czka)<\/li>\n\n\n\n<li>Domowe sposoby nie przynosz\u0105 efektu<\/li>\n\n\n\n<li>Pies mia\u0142 kontakt z innymi zwierz\u0119tami, kt\u00f3re mog\u0142y go zarazi\u0107 paso\u017cytami<\/li>\n<\/ul>\n\n\n\n<p>Lekarz mo\u017ce zleci\u0107 <strong>badania sk\u00f3ry, testy alergiczne, zeskrobiny, cytologi\u0119 lub pr\u00f3b\u0119 diety eliminacyjnej<\/strong>. Im wcze\u015bniej zostanie postawiona trafna diagnoza, tym szybciej Tw\u00f3j pies wr\u00f3ci do komfortu i spokoju.<\/p>\n\n\n\n<div style=\"height:20px\" aria-hidden=\"true\" class=\"wp-block-spacer\"><\/div>\n\n\n\n<h2 class=\"wp-block-heading\">Zako\u0144czenie<\/h2>\n\n\n\n<div style=\"height:20px\" aria-hidden=\"true\" class=\"wp-block-spacer\"><\/div>\n\n\n\n<p>Drapanie bez obecno\u015bci pche\u0142 to sygna\u0142, \u017ce co\u015b dzieje si\u0119 w organizmie psa \u2013 fizycznie lub emocjonalnie. Mo\u017ce to by\u0107 alergia, przesuszona sk\u00f3ra, infekcja, paso\u017cyt, a nawet stres. Cho\u0107 niekt\u00f3re przyczyny \u0142atwo wyeliminowa\u0107 samodzielnie, inne wymagaj\u0105 diagnozy i leczenia.<\/p>\n\n\n\n<p>Najwa\u017cniejsze to <strong>nie bagatelizowa\u0107 problemu<\/strong> \u2013 pies nie drapie si\u0119 \u201edla zabawy\u201d, tylko pr\u00f3buje sobie z czym\u015b poradzi\u0107. Obserwuj uwa\u017cnie jego zachowanie, sprawd\u017a potencjalne \u017ar\u00f3d\u0142a podra\u017cnienia i nie wahaj si\u0119 poprosi\u0107 o pomoc weterynarza. Dzi\u0119ki temu szybciej pomo\u017cesz swojemu pupilowi odzyska\u0107 spok\u00f3j i komfort.<\/p>\n\n\n\n<div style=\"height:38px\" aria-hidden=\"true\" class=\"wp-block-spacer\"><\/div>\n\n\n\n<p style=\"font-size:29px;font-style:normal;font-weight:700\">Cz\u0119sto zadawane pytania<\/p>\n\n\n\n<div style=\"height:37px\" aria-hidden=\"true\" class=\"wp-block-spacer\"><\/div>\n\n\n\n<h3 class=\"wp-block-heading\" id=\"h-czy-mozna-samodzielnie-wprowadzic-diete-eliminacyjna\" style=\"font-style:normal;font-weight:600\">Czy mo\u017cna samodzielnie wprowadzi\u0107 diet\u0119 eliminacyjn\u0105?<\/h3>\n\n\n\n<div style=\"height:20px\" aria-hidden=\"true\" class=\"wp-block-spacer\"><\/div>\n\n\n\n<p>Tak, ale najlepiej pod okiem weterynarza \u2013 musi by\u0107 dobrze zbilansowana i prowadzona minimum 6\u20138 tygodni.<\/p>\n\n\n\n<div style=\"height:37px\" aria-hidden=\"true\" class=\"wp-block-spacer\"><\/div>\n\n\n\n<h3 class=\"wp-block-heading\" id=\"h-czy-zmiana-karmy-na-lepsza-zawsze-pomoze\" style=\"font-style:normal;font-weight:600\"><strong>Czy zmiana karmy \u201ena lepsz\u0105\u201d zawsze pomo\u017ce?<\/strong><\/h3>\n\n\n\n<div style=\"height:20px\" aria-hidden=\"true\" class=\"wp-block-spacer\"><\/div>\n\n\n\n<p>Nie zawsze \u2013 liczy si\u0119 sk\u0142ad, nie marka. Nawet wysokiej jako\u015bci karma mo\u017ce zawiera\u0107 alergen Twojego psa.<\/p>\n\n\n\n<div style=\"height:37px\" aria-hidden=\"true\" class=\"wp-block-spacer\"><\/div>\n\n\n\n<h3 class=\"wp-block-heading\" id=\"h-czy-swiad-moze-pojawic-sie-po-szczepieniu-lub-odrobaczaniu\" style=\"font-style:normal;font-weight:600\">Czy \u015bwi\u0105d mo\u017ce pojawi\u0107 si\u0119 po szczepieniu lub odrobaczaniu?<\/h3>\n\n\n\n<div style=\"height:20px\" aria-hidden=\"true\" class=\"wp-block-spacer\"><\/div>\n\n\n\n<p>Tak, cho\u0107 rzadko \u2013 to mo\u017ce by\u0107 reakcja alergiczna na sk\u0142adniki preparatu.<\/p>\n\n\n\n<div style=\"height:37px\" aria-hidden=\"true\" class=\"wp-block-spacer\"><\/div>\n\n\n\n<h3 class=\"wp-block-heading\" id=\"h-czy-warto-stosowac-suplementy-na-skore-i-siersc-w-ciemno\" style=\"font-style:normal;font-weight:700\">Czy warto stosowa\u0107 suplementy na sk\u00f3r\u0119 i sier\u015b\u0107 \u201ew ciemno\u201d?<\/h3>\n\n\n\n<div style=\"height:20px\" aria-hidden=\"true\" class=\"wp-block-spacer\"><\/div>\n\n\n\n<p>Nie \u2013 warto zna\u0107 przyczyn\u0119 problemu. Niekt\u00f3re suplementy mog\u0105 pogorszy\u0107 stan psa z alergi\u0105 pokarmow\u0105.<\/p>\n","protected":false},"excerpt":{"rendered":"<p>Je\u015bli Tw\u00f3j pies uporczywie si\u0119 drapie, ale nie ma \u015blad\u00f3w pche\u0142, nie oznacza to, \u017ce problem nie istnieje. \u015awi\u0105d mo\u017ce mie\u0107 wiele innych przyczyn \u2013 od alergii, przez podra\u017cnienia sk\u00f3ry, a\u017c po stres. W tym artykule podpowiadamy, co najcz\u0119\u015bciej wywo\u0142uje drapanie u psa bez obecno\u015bci paso\u017cyt\u00f3w i kiedy warto uda\u0107 si\u0119 do weterynarza. Alergie \u2013 &hellip;<\/p>\n<p class=\"read-more\"> <a class=\"\" href=\"https:\/\/milo.pet\/Blog\/pies-drapie-sie-ale-nie-ma-pchel-co-moze-byc-przyczyna\/\"> <span class=\"screen-reader-text\">Pies drapie si\u0119, ale nie ma pche\u0142 \u2013 co mo\u017ce by\u0107 przyczyn\u0105?<\/span> Read More &raquo;<\/a><\/p>\n","protected":false},"author":1,"featured_media":7239,"comment_status":"closed","ping_status":"open","sticky":false,"template":"","format":"standard","meta":{"_acf_changed":false,"_uag_custom_page_level_css":"","site-sidebar-layout":"default","site-content-layout":"","ast-site-content-layout":"default","site-content-style":"default","site-sidebar-style":"default","ast-global-header-display":"","ast-banner-title-visibility":"","ast-main-header-display":"","ast-hfb-above-header-display":"","ast-hfb-below-header-display":"","ast-hfb-mobile-header-display":"","site-post-title":"","ast-breadcrumbs-content":"","ast-featured-img":"","footer-sml-layout":"","theme-transparent-header-meta":"","adv-header-id-meta":"","stick-header-meta":"","header-above-stick-meta":"","header-main-stick-meta":"","header-below-stick-meta":"","astra-migrate-meta-layouts":"set","ast-page-background-enabled":"default","ast-page-background-meta":{"desktop":{"background-color":"var(--ast-global-color-4)","background-image":"","background-repeat":"repeat","background-position":"center center","background-size":"auto","background-attachment":"scroll","background-type":"","background-media":"","overlay-type":"","overlay-color":"","overlay-gradient":""},"tablet":{"background-color":"","background-image":"","background-repeat":"repeat","background-position":"center center","background-size":"auto","background-attachment":"scroll","background-type":"","background-media":"","overlay-type":"","overlay-color":"","overlay-gradient":""},"mobile":{"background-color":"","background-image":"","background-repeat":"repeat","background-position":"center center","background-size":"auto","background-attachment":"scroll","background-type":"","background-media":"","overlay-type":"","overlay-color":"","overlay-gradient":""}},"ast-content-background-meta":{"desktop":{"background-color":"var(--ast-global-color-5)","background-image":"","background-repeat":"repeat","background-position":"center center","background-size":"auto","background-attachment":"scroll","background-type":"","background-media":"","overlay-type":"","overlay-color":"","overlay-gradient":""},"tablet":{"background-color":"var(--ast-global-color-5)","background-image":"","background-repeat":"repeat","background-position":"center center","background-size":"auto","background-attachment":"scroll","background-type":"","background-media":"","overlay-type":"","overlay-color":"","overlay-gradient":""},"mobile":{"background-color":"var(--ast-global-color-5)","background-image":"","background-repeat":"repeat","background-position":"center center","background-size":"auto","background-attachment":"scroll","background-type":"","background-media":"","overlay-type":"","overlay-color":"","overlay-gradient":""}},"footnotes":""},"categories":[72],"tags":[],"class_list":["post-7238","post","type-post","status-publish","format-standard","has-post-thumbnail","hentry","category-porady-dla-wlascicieli-psow"],"acf":[],"yoast_head":"<!-- This site is optimized with the Yoast SEO Premium plugin v24.6 (Yoast SEO v24.6) - https:\/\/yoast.com\/wordpress\/plugins\/seo\/ -->\n<title>Pies drapie si\u0119, ale nie ma pche\u0142 \u2013 co mo\u017ce by\u0107 przyczyn\u0105?<\/title>\n<meta name=\"description\" content=\"Tw\u00f3j pies ci\u0105gle si\u0119 drapie, ale nie ma pche\u0142? Sprawd\u017a, co mo\u017ce powodowa\u0107 \u015bwi\u0105d u psa \u2013 od alergii po stres\" \/>\n<meta name=\"robots\" content=\"index, follow, max-snippet:-1, max-image-preview:large, max-video-preview:-1\" \/>\n<link rel=\"canonical\" href=\"https:\/\/milo.pet\/Blog\/pies-drapie-sie-ale-nie-ma-pchel-co-moze-byc-przyczyna\/\" \/>\n<meta property=\"og:locale\" content=\"pl_PL\" \/>\n<meta property=\"og:type\" content=\"article\" \/>\n<meta property=\"og:title\" content=\"Pies drapie si\u0119, ale nie ma pche\u0142 \u2013 co mo\u017ce by\u0107 przyczyn\u0105?\" \/>\n<meta property=\"og:description\" content=\"Tw\u00f3j pies ci\u0105gle si\u0119 drapie, ale nie ma pche\u0142? Sprawd\u017a, co mo\u017ce powodowa\u0107 \u015bwi\u0105d u psa \u2013 od alergii po stres\" \/>\n<meta property=\"og:url\" content=\"https:\/\/milo.pet\/Blog\/pies-drapie-sie-ale-nie-ma-pchel-co-moze-byc-przyczyna\/\" \/>\n<meta property=\"og:site_name\" content=\"Milo.pet\" \/>\n<meta property=\"article:published_time\" content=\"2025-06-30T19:32:25+00:00\" \/>\n<meta property=\"article:modified_time\" content=\"2025-06-30T19:32:26+00:00\" \/>\n<meta property=\"og:image\" content=\"https:\/\/milo.pet\/Blog\/wp-content\/uploads\/2025\/06\/pies-drapie.webp\" \/>\n\t<meta property=\"og:image:width\" content=\"1575\" \/>\n\t<meta property=\"og:image:height\" content=\"1020\" \/>\n\t<meta property=\"og:image:type\" content=\"image\/webp\" \/>\n<meta name=\"author\" content=\"Patrycja Nowak\" \/>\n<meta name=\"twitter:card\" content=\"summary_large_image\" \/>\n<meta name=\"twitter:label1\" content=\"Written by\" \/>\n\t<meta name=\"twitter:data1\" content=\"Patrycja Nowak\" \/>\n\t<meta name=\"twitter:label2\" content=\"Est. reading time\" \/>\n\t<meta name=\"twitter:data2\" content=\"7 minut\" \/>\n<script type=\"application\/ld+json\" class=\"yoast-schema-graph\">{\"@context\":\"https:\/\/schema.org\",\"@graph\":[{\"@type\":\"Article\",\"@id\":\"https:\/\/milo.pet\/Blog\/pies-drapie-sie-ale-nie-ma-pchel-co-moze-byc-przyczyna\/#article\",\"isPartOf\":{\"@id\":\"https:\/\/milo.pet\/Blog\/pies-drapie-sie-ale-nie-ma-pchel-co-moze-byc-przyczyna\/\"},\"author\":{\"name\":\"Patrycja Nowak\",\"@id\":\"https:\/\/milo.pet\/Blog\/#\/schema\/person\/17bcd931b79f17d8453b85991012a6a3\"},\"headline\":\"Pies drapie si\u0119, ale nie ma pche\u0142 \u2013 co mo\u017ce by\u0107 przyczyn\u0105?\",\"datePublished\":\"2025-06-30T19:32:25+00:00\",\"dateModified\":\"2025-06-30T19:32:26+00:00\",\"mainEntityOfPage\":{\"@id\":\"https:\/\/milo.pet\/Blog\/pies-drapie-sie-ale-nie-ma-pchel-co-moze-byc-przyczyna\/\"},\"wordCount\":1247,\"publisher\":{\"@id\":\"https:\/\/milo.pet\/Blog\/#organization\"},\"image\":{\"@id\":\"https:\/\/milo.pet\/Blog\/pies-drapie-sie-ale-nie-ma-pchel-co-moze-byc-przyczyna\/#primaryimage\"},\"thumbnailUrl\":\"https:\/\/milo.pet\/Blog\/wp-content\/uploads\/2025\/06\/pies-drapie.webp\",\"articleSection\":[\"Porady dla w\u0142a\u015bcicieli ps\u00f3w\"],\"inLanguage\":\"pl-PL\"},{\"@type\":\"WebPage\",\"@id\":\"https:\/\/milo.pet\/Blog\/pies-drapie-sie-ale-nie-ma-pchel-co-moze-byc-przyczyna\/\",\"url\":\"https:\/\/milo.pet\/Blog\/pies-drapie-sie-ale-nie-ma-pchel-co-moze-byc-przyczyna\/\",\"name\":\"Pies drapie si\u0119, ale nie ma pche\u0142 \u2013 co mo\u017ce by\u0107 przyczyn\u0105?\",\"isPartOf\":{\"@id\":\"https:\/\/milo.pet\/Blog\/#website\"},\"primaryImageOfPage\":{\"@id\":\"https:\/\/milo.pet\/Blog\/pies-drapie-sie-ale-nie-ma-pchel-co-moze-byc-przyczyna\/#primaryimage\"},\"image\":{\"@id\":\"https:\/\/milo.pet\/Blog\/pies-drapie-sie-ale-nie-ma-pchel-co-moze-byc-przyczyna\/#primaryimage\"},\"thumbnailUrl\":\"https:\/\/milo.pet\/Blog\/wp-content\/uploads\/2025\/06\/pies-drapie.webp\",\"datePublished\":\"2025-06-30T19:32:25+00:00\",\"dateModified\":\"2025-06-30T19:32:26+00:00\",\"description\":\"Tw\u00f3j pies ci\u0105gle si\u0119 drapie, ale nie ma pche\u0142? Sprawd\u017a, co mo\u017ce powodowa\u0107 \u015bwi\u0105d u psa \u2013 od alergii po stres\",\"breadcrumb\":{\"@id\":\"https:\/\/milo.pet\/Blog\/pies-drapie-sie-ale-nie-ma-pchel-co-moze-byc-przyczyna\/#breadcrumb\"},\"inLanguage\":\"pl-PL\",\"potentialAction\":[{\"@type\":\"ReadAction\",\"target\":[\"https:\/\/milo.pet\/Blog\/pies-drapie-sie-ale-nie-ma-pchel-co-moze-byc-przyczyna\/\"]}]},{\"@type\":\"ImageObject\",\"inLanguage\":\"pl-PL\",\"@id\":\"https:\/\/milo.pet\/Blog\/pies-drapie-sie-ale-nie-ma-pchel-co-moze-byc-przyczyna\/#primaryimage\",\"url\":\"https:\/\/milo.pet\/Blog\/wp-content\/uploads\/2025\/06\/pies-drapie.webp\",\"contentUrl\":\"https:\/\/milo.pet\/Blog\/wp-content\/uploads\/2025\/06\/pies-drapie.webp\",\"width\":1575,\"height\":1020,\"caption\":\"Pies si\u0119 drapie przy szyi\"},{\"@type\":\"BreadcrumbList\",\"@id\":\"https:\/\/milo.pet\/Blog\/pies-drapie-sie-ale-nie-ma-pchel-co-moze-byc-przyczyna\/#breadcrumb\",\"itemListElement\":[{\"@type\":\"ListItem\",\"position\":1,\"name\":\"Home\",\"item\":\"https:\/\/milo.pet\/Blog\/\"},{\"@type\":\"ListItem\",\"position\":2,\"name\":\"Pies drapie si\u0119, ale nie ma pche\u0142 \u2013 co mo\u017ce by\u0107 przyczyn\u0105?\"}]},{\"@type\":\"WebSite\",\"@id\":\"https:\/\/milo.pet\/Blog\/#website\",\"url\":\"https:\/\/milo.pet\/Blog\/\",\"name\":\"Milo.pet\",\"description\":\"Blog\",\"publisher\":{\"@id\":\"https:\/\/milo.pet\/Blog\/#organization\"},\"potentialAction\":[{\"@type\":\"SearchAction\",\"target\":{\"@type\":\"EntryPoint\",\"urlTemplate\":\"https:\/\/milo.pet\/Blog\/?s={search_term_string}\"},\"query-input\":{\"@type\":\"PropertyValueSpecification\",\"valueRequired\":true,\"valueName\":\"search_term_string\"}}],\"inLanguage\":\"pl-PL\"},{\"@type\":\"Organization\",\"@id\":\"https:\/\/milo.pet\/Blog\/#organization\",\"name\":\"Milo.pet\",\"url\":\"https:\/\/milo.pet\/Blog\/\",\"logo\":{\"@type\":\"ImageObject\",\"inLanguage\":\"pl-PL\",\"@id\":\"https:\/\/milo.pet\/Blog\/#\/schema\/logo\/image\/\",\"url\":\"https:\/\/milo.pet\/Blog\/wp-content\/uploads\/2023\/09\/cropped-MiloPET-logo-1.png\",\"contentUrl\":\"https:\/\/milo.pet\/Blog\/wp-content\/uploads\/2023\/09\/cropped-MiloPET-logo-1.png\",\"width\":1998,\"height\":1419,\"caption\":\"Milo.pet\"},\"image\":{\"@id\":\"https:\/\/milo.pet\/Blog\/#\/schema\/logo\/image\/\"}},{\"@type\":\"Person\",\"@id\":\"https:\/\/milo.pet\/Blog\/#\/schema\/person\/17bcd931b79f17d8453b85991012a6a3\",\"name\":\"Patrycja Nowak\",\"image\":{\"@type\":\"ImageObject\",\"inLanguage\":\"pl-PL\",\"@id\":\"https:\/\/milo.pet\/Blog\/#\/schema\/person\/image\/\",\"url\":\"https:\/\/secure.gravatar.com\/avatar\/51d419d7a5a1cfc8e9054fcccb2678a105d0cb73af4acbf6a99ad9e72a6ba9a3?s=96&d=mm&r=g\",\"contentUrl\":\"https:\/\/secure.gravatar.com\/avatar\/51d419d7a5a1cfc8e9054fcccb2678a105d0cb73af4acbf6a99ad9e72a6ba9a3?s=96&d=mm&r=g\",\"caption\":\"Patrycja Nowak\"},\"description\":\"Trenerka ps\u00f3w. Pomagam opiekunom zrozumie\u0107 potrzeby ich pupili, buduj\u0105c harmonijn\u0105 relacj\u0119 opart\u0105 na zaufaniu i pozytywnym wzmocnieniu.\",\"sameAs\":[\"http:\/\/milo.pet\/Blog\"],\"url\":\"https:\/\/milo.pet\/Blog\/author\/arpok\/\"}]}<\/script>\n<!-- \/ Yoast SEO Premium plugin. -->","yoast_head_json":{"title":"Pies drapie si\u0119, ale nie ma pche\u0142 \u2013 co mo\u017ce by\u0107 przyczyn\u0105?","description":"Tw\u00f3j pies ci\u0105gle si\u0119 drapie, ale nie ma pche\u0142? Sprawd\u017a, co mo\u017ce powodowa\u0107 \u015bwi\u0105d u psa \u2013 od alergii po stres","robots":{"index":"index","follow":"follow","max-snippet":"max-snippet:-1","max-image-preview":"max-image-preview:large","max-video-preview":"max-video-preview:-1"},"canonical":"https:\/\/milo.pet\/Blog\/pies-drapie-sie-ale-nie-ma-pchel-co-moze-byc-przyczyna\/","og_locale":"pl_PL","og_type":"article","og_title":"Pies drapie si\u0119, ale nie ma pche\u0142 \u2013 co mo\u017ce by\u0107 przyczyn\u0105?","og_description":"Tw\u00f3j pies ci\u0105gle si\u0119 drapie, ale nie ma pche\u0142? Sprawd\u017a, co mo\u017ce powodowa\u0107 \u015bwi\u0105d u psa \u2013 od alergii po stres","og_url":"https:\/\/milo.pet\/Blog\/pies-drapie-sie-ale-nie-ma-pchel-co-moze-byc-przyczyna\/","og_site_name":"Milo.pet","article_published_time":"2025-06-30T19:32:25+00:00","article_modified_time":"2025-06-30T19:32:26+00:00","og_image":[{"width":1575,"height":1020,"url":"https:\/\/milo.pet\/Blog\/wp-content\/uploads\/2025\/06\/pies-drapie.webp","type":"image\/webp"}],"author":"Patrycja Nowak","twitter_card":"summary_large_image","twitter_misc":{"Written by":"Patrycja Nowak","Est. reading time":"7 minut"},"schema":{"@context":"https:\/\/schema.org","@graph":[{"@type":"Article","@id":"https:\/\/milo.pet\/Blog\/pies-drapie-sie-ale-nie-ma-pchel-co-moze-byc-przyczyna\/#article","isPartOf":{"@id":"https:\/\/milo.pet\/Blog\/pies-drapie-sie-ale-nie-ma-pchel-co-moze-byc-przyczyna\/"},"author":{"name":"Patrycja Nowak","@id":"https:\/\/milo.pet\/Blog\/#\/schema\/person\/17bcd931b79f17d8453b85991012a6a3"},"headline":"Pies drapie si\u0119, ale nie ma pche\u0142 \u2013 co mo\u017ce by\u0107 przyczyn\u0105?","datePublished":"2025-06-30T19:32:25+00:00","dateModified":"2025-06-30T19:32:26+00:00","mainEntityOfPage":{"@id":"https:\/\/milo.pet\/Blog\/pies-drapie-sie-ale-nie-ma-pchel-co-moze-byc-przyczyna\/"},"wordCount":1247,"publisher":{"@id":"https:\/\/milo.pet\/Blog\/#organization"},"image":{"@id":"https:\/\/milo.pet\/Blog\/pies-drapie-sie-ale-nie-ma-pchel-co-moze-byc-przyczyna\/#primaryimage"},"thumbnailUrl":"https:\/\/milo.pet\/Blog\/wp-content\/uploads\/2025\/06\/pies-drapie.webp","articleSection":["Porady dla w\u0142a\u015bcicieli ps\u00f3w"],"inLanguage":"pl-PL"},{"@type":"WebPage","@id":"https:\/\/milo.pet\/Blog\/pies-drapie-sie-ale-nie-ma-pchel-co-moze-byc-przyczyna\/","url":"https:\/\/milo.pet\/Blog\/pies-drapie-sie-ale-nie-ma-pchel-co-moze-byc-przyczyna\/","name":"Pies drapie si\u0119, ale nie ma pche\u0142 \u2013 co mo\u017ce by\u0107 przyczyn\u0105?","isPartOf":{"@id":"https:\/\/milo.pet\/Blog\/#website"},"primaryImageOfPage":{"@id":"https:\/\/milo.pet\/Blog\/pies-drapie-sie-ale-nie-ma-pchel-co-moze-byc-przyczyna\/#primaryimage"},"image":{"@id":"https:\/\/milo.pet\/Blog\/pies-drapie-sie-ale-nie-ma-pchel-co-moze-byc-przyczyna\/#primaryimage"},"thumbnailUrl":"https:\/\/milo.pet\/Blog\/wp-content\/uploads\/2025\/06\/pies-drapie.webp","datePublished":"2025-06-30T19:32:25+00:00","dateModified":"2025-06-30T19:32:26+00:00","description":"Tw\u00f3j pies ci\u0105gle si\u0119 drapie, ale nie ma pche\u0142? Sprawd\u017a, co mo\u017ce powodowa\u0107 \u015bwi\u0105d u psa \u2013 od alergii po stres","breadcrumb":{"@id":"https:\/\/milo.pet\/Blog\/pies-drapie-sie-ale-nie-ma-pchel-co-moze-byc-przyczyna\/#breadcrumb"},"inLanguage":"pl-PL","potentialAction":[{"@type":"ReadAction","target":["https:\/\/milo.pet\/Blog\/pies-drapie-sie-ale-nie-ma-pchel-co-moze-byc-przyczyna\/"]}]},{"@type":"ImageObject","inLanguage":"pl-PL","@id":"https:\/\/milo.pet\/Blog\/pies-drapie-sie-ale-nie-ma-pchel-co-moze-byc-przyczyna\/#primaryimage","url":"https:\/\/milo.pet\/Blog\/wp-content\/uploads\/2025\/06\/pies-drapie.webp","contentUrl":"https:\/\/milo.pet\/Blog\/wp-content\/uploads\/2025\/06\/pies-drapie.webp","width":1575,"height":1020,"caption":"Pies si\u0119 drapie przy szyi"},{"@type":"BreadcrumbList","@id":"https:\/\/milo.pet\/Blog\/pies-drapie-sie-ale-nie-ma-pchel-co-moze-byc-przyczyna\/#breadcrumb","itemListElement":[{"@type":"ListItem","position":1,"name":"Home","item":"https:\/\/milo.pet\/Blog\/"},{"@type":"ListItem","position":2,"name":"Pies drapie si\u0119, ale nie ma pche\u0142 \u2013 co mo\u017ce by\u0107 przyczyn\u0105?"}]},{"@type":"WebSite","@id":"https:\/\/milo.pet\/Blog\/#website","url":"https:\/\/milo.pet\/Blog\/","name":"Milo.pet","description":"Blog","publisher":{"@id":"https:\/\/milo.pet\/Blog\/#organization"},"potentialAction":[{"@type":"SearchAction","target":{"@type":"EntryPoint","urlTemplate":"https:\/\/milo.pet\/Blog\/?s={search_term_string}"},"query-input":{"@type":"PropertyValueSpecification","valueRequired":true,"valueName":"search_term_string"}}],"inLanguage":"pl-PL"},{"@type":"Organization","@id":"https:\/\/milo.pet\/Blog\/#organization","name":"Milo.pet","url":"https:\/\/milo.pet\/Blog\/","logo":{"@type":"ImageObject","inLanguage":"pl-PL","@id":"https:\/\/milo.pet\/Blog\/#\/schema\/logo\/image\/","url":"https:\/\/milo.pet\/Blog\/wp-content\/uploads\/2023\/09\/cropped-MiloPET-logo-1.png","contentUrl":"https:\/\/milo.pet\/Blog\/wp-content\/uploads\/2023\/09\/cropped-MiloPET-logo-1.png","width":1998,"height":1419,"caption":"Milo.pet"},"image":{"@id":"https:\/\/milo.pet\/Blog\/#\/schema\/logo\/image\/"}},{"@type":"Person","@id":"https:\/\/milo.pet\/Blog\/#\/schema\/person\/17bcd931b79f17d8453b85991012a6a3","name":"Patrycja Nowak","image":{"@type":"ImageObject","inLanguage":"pl-PL","@id":"https:\/\/milo.pet\/Blog\/#\/schema\/person\/image\/","url":"https:\/\/secure.gravatar.com\/avatar\/51d419d7a5a1cfc8e9054fcccb2678a105d0cb73af4acbf6a99ad9e72a6ba9a3?s=96&d=mm&r=g","contentUrl":"https:\/\/secure.gravatar.com\/avatar\/51d419d7a5a1cfc8e9054fcccb2678a105d0cb73af4acbf6a99ad9e72a6ba9a3?s=96&d=mm&r=g","caption":"Patrycja Nowak"},"description":"Trenerka ps\u00f3w. Pomagam opiekunom zrozumie\u0107 potrzeby ich pupili, buduj\u0105c harmonijn\u0105 relacj\u0119 opart\u0105 na zaufaniu i pozytywnym wzmocnieniu.","sameAs":["http:\/\/milo.pet\/Blog"],"url":"https:\/\/milo.pet\/Blog\/author\/arpok\/"}]}},"uagb_featured_image_src":{"full":["https:\/\/milo.pet\/Blog\/wp-content\/uploads\/2025\/06\/pies-drapie.webp",1575,1020,false],"thumbnail":["https:\/\/milo.pet\/Blog\/wp-content\/uploads\/2025\/06\/pies-drapie-150x150.webp",150,150,true],"medium":["https:\/\/milo.pet\/Blog\/wp-content\/uploads\/2025\/06\/pies-drapie-300x194.webp",300,194,true],"medium_large":["https:\/\/milo.pet\/Blog\/wp-content\/uploads\/2025\/06\/pies-drapie-768x497.webp",768,497,true],"large":["https:\/\/milo.pet\/Blog\/wp-content\/uploads\/2025\/06\/pies-drapie-1024x663.webp",1024,663,true],"1536x1536":["https:\/\/milo.pet\/Blog\/wp-content\/uploads\/2025\/06\/pies-drapie-1536x995.webp",1536,995,true],"2048x2048":["https:\/\/milo.pet\/Blog\/wp-content\/uploads\/2025\/06\/pies-drapie.webp",1575,1020,false]},"uagb_author_info":{"display_name":"Patrycja Nowak","author_link":"https:\/\/milo.pet\/Blog\/author\/arpok\/"},"uagb_comment_info":0,"uagb_excerpt":"Je\u015bli Tw\u00f3j pies uporczywie si\u0119 drapie, ale nie ma \u015blad\u00f3w pche\u0142, nie oznacza to, \u017ce problem nie istnieje. \u015awi\u0105d mo\u017ce mie\u0107 wiele innych przyczyn \u2013 od alergii, przez podra\u017cnienia sk\u00f3ry, a\u017c po stres. W tym artykule podpowiadamy, co najcz\u0119\u015bciej wywo\u0142uje drapanie u psa bez obecno\u015bci paso\u017cyt\u00f3w i kiedy warto uda\u0107 si\u0119 do weterynarza. Alergie \u2013&hellip;","_links":{"self":[{"href":"https:\/\/milo.pet\/Blog\/wp-json\/wp\/v2\/posts\/7238","targetHints":{"allow":["GET"]}}],"collection":[{"href":"https:\/\/milo.pet\/Blog\/wp-json\/wp\/v2\/posts"}],"about":[{"href":"https:\/\/milo.pet\/Blog\/wp-json\/wp\/v2\/types\/post"}],"author":[{"embeddable":true,"href":"https:\/\/milo.pet\/Blog\/wp-json\/wp\/v2\/users\/1"}],"replies":[{"embeddable":true,"href":"https:\/\/milo.pet\/Blog\/wp-json\/wp\/v2\/comments?post=7238"}],"version-history":[{"count":1,"href":"https:\/\/milo.pet\/Blog\/wp-json\/wp\/v2\/posts\/7238\/revisions"}],"predecessor-version":[{"id":7240,"href":"https:\/\/milo.pet\/Blog\/wp-json\/wp\/v2\/posts\/7238\/revisions\/7240"}],"wp:featuredmedia":[{"embeddable":true,"href":"https:\/\/milo.pet\/Blog\/wp-json\/wp\/v2\/media\/7239"}],"wp:attachment":[{"href":"https:\/\/milo.pet\/Blog\/wp-json\/wp\/v2\/media?parent=7238"}],"wp:term":[{"taxonomy":"category","embeddable":true,"href":"https:\/\/milo.pet\/Blog\/wp-json\/wp\/v2\/categories?post=7238"},{"taxonomy":"post_tag","embeddable":true,"href":"https:\/\/milo.pet\/Blog\/wp-json\/wp\/v2\/tags?post=7238"}],"curies":[{"name":"wp","href":"https:\/\/api.w.org\/{rel}","templated":true}]}}